{"id":2295,"date":"2022-09-10T12:31:13","date_gmt":"2022-09-10T10:31:13","guid":{"rendered":"http:\/\/afalade.com\/?p=2295"},"modified":"2022-10-19T17:49:44","modified_gmt":"2022-10-19T15:49:44","slug":"culture-lambassadeur-grand-p-titulaire-dun-passeport-diplomatique","status":"publish","type":"post","link":"https:\/\/afalade.com\/?p=2295","title":{"rendered":"Culture : L&rsquo;ambassadeur \u00ab\u00a0Grand P\u00a0\u00bb titulaire d\u2019un passeport diplomatique"},"content":{"rendered":"\n<p>Moussa Sanguiana Kaba commun\u00e9ment appel\u00e9 \u00ab\u00a0Grand P\u00a0\u00bb a b\u00e9n\u00e9fici\u00e9 le vendredi 9 septembre 2022 d\u2019un passeport diplomatique. Cette pi\u00e8ce va permettre \u00e0 l\u2019artiste de voyager facilement partout dans le monde. &nbsp;Le geste vient du pr\u00e9sident de la transition guin\u00e9enne le Colonel Mamadi Doumbouya \u2018\u2019dans le cadre de la promotion de la culture et de la destination Guin\u00e9e\u2019\u2019. Tr\u00e8s touch\u00e9 par cet acte pos\u00e9 par la pr\u00e9sidence, Grand P compte bien continuer \u00e0 vendre l\u2019image positive de la Guin\u00e9e.<em> \u00a0\u00bbMerci au chef de l\u2019Etat le Colonel Mamadi Doumbouya, au peuple de Guin\u00e9e pour tout le soutien depuis le d\u00e9but. Et que l\u2019aventure commence\u2019\u2019.<\/em> <\/p>\n\n\n\n<figure class=\"wp-block-image size-large\"><img loading=\"lazy\" width=\"640\" height=\"961\" src=\"https:\/\/i2.wp.com\/afalade.com\/wp-content\/uploads\/2022\/09\/305958025_459377282891194_2038708265729839367_n.jpg?resize=640%2C961\" alt=\"\" class=\"wp-image-2296\" srcset=\"https:\/\/i2.wp.com\/afalade.com\/wp-content\/uploads\/2022\/09\/305958025_459377282891194_2038708265729839367_n.jpg?resize=682%2C1024&amp;ssl=1 682w, https:\/\/i2.wp.com\/afalade.com\/wp-content\/uploads\/2022\/09\/305958025_459377282891194_2038708265729839367_n.jpg?resize=200%2C300&amp;ssl=1 200w, https:\/\/i2.wp.com\/afalade.com\/wp-content\/uploads\/2022\/09\/305958025_459377282891194_2038708265729839367_n.jpg?resize=768%2C1153&amp;ssl=1 768w, https:\/\/i2.wp.com\/afalade.com\/wp-content\/uploads\/2022\/09\/305958025_459377282891194_2038708265729839367_n.jpg?resize=1023%2C1536&amp;ssl=1 1023w, https:\/\/i2.wp.com\/afalade.com\/wp-content\/uploads\/2022\/09\/305958025_459377282891194_2038708265729839367_n.jpg?resize=1024%2C1538&amp;ssl=1 1024w, https:\/\/i2.wp.com\/afalade.com\/wp-content\/uploads\/2022\/09\/305958025_459377282891194_2038708265729839367_n.jpg?w=1364&amp;ssl=1 1364w, https:\/\/i2.wp.com\/afalade.com\/wp-content\/uploads\/2022\/09\/305958025_459377282891194_2038708265729839367_n.jpg?w=1280 1280w\" sizes=\"(max-width: 640px) 100vw, 640px\" data-recalc-dims=\"1\" \/><figcaption>Grand P et le Pr\u00e9sident de la transition Mamadi Doumbouya<\/figcaption><\/figure>\n\n\n\n<p><em>Atteint de prog\u00e9ria, qui lui donne un physique diff\u00e9rent, il est longtemps victime de moquerie&nbsp;et de marginalisation&nbsp;\u00e0 cause de son apparence. Grand P se fait conna\u00eetre du public au cours d\u2019un spectacle organis\u00e9 par son idole Kerfalla Kant\u00e9 au palais du peuple de Conakry il y a quelques ann\u00e9es. Cr\u00e9er en octobre 2019, la fondation Grand P humanitaire se fixe pour mission de venir en aide aux personnes de petites tailles et au personnes vuln\u00e9rables<a href=\"https:\/\/fr.wikipedia.org\/wiki\/Grand_P#cite_note-20\"><\/a>. Gr\u00e2ce \u00e0 sa fondation, il fait des dons \u00e0 des orphelinats en Guin\u00e9e, au Cameroun, au Mali et en C\u00f4te d&rsquo;Ivoire.<\/em> <\/p>\n\n\n\n<p>Chanteur, com\u00e9dien, influenceur num\u00e9rique et ambassadeur de la culture guin\u00e9enne, Grand P est une grande c\u00e9l\u00e9brit\u00e9. C\u2019est le premier musicien guin\u00e9en \u00e0 atteindre 7 millions d&rsquo;abonn\u00e9s sur facebook. <\/p>\n\n\n\n<p>L<strong>a R\u00e9daction<\/strong><\/p>\n","protected":false},"excerpt":{"rendered":"<p>Moussa Sanguiana Kaba commun\u00e9ment appel\u00e9 \u00ab\u00a0Grand P\u00a0\u00bb a b\u00e9n\u00e9fici\u00e9 le vendredi 9 septembre 2022 d\u2019un<\/p>\n","protected":false},"author":5,"featured_media":2297,"comment_status":"closed","ping_status":"closed","sticky":false,"template":"","format":"standard","meta":{"_monsterinsights_skip_tracking":false,"_monsterinsights_sitenote_active":false,"_monsterinsights_sitenote_note":"","_monsterinsights_sitenote_category":0,"spay_email":""},"categories":[2],"tags":[982,1264,968,672],"yoast_head":"<!-- This site is optimized with the Yoast SEO plugin v17.6 - https:\/\/yoast.com\/wordpress\/plugins\/seo\/ -->\n<title>Culture : L&#039;ambassadeur &quot;Grand P&quot; titulaire d\u2019un passeport diplomatique - AFALADE<\/title>\n<meta name=\"robots\" content=\"index, follow, max-snippet:-1, max-image-preview:large, max-video-preview:-1\" \/>\n<link rel=\"canonical\" href=\"https:\/\/afalade.com\/?p=2295\" \/>\n<meta property=\"og:locale\" content=\"fr_FR\" \/>\n<meta property=\"og:type\" content=\"article\" \/>\n<meta property=\"og:title\" content=\"Culture : L&#039;ambassadeur &quot;Grand P&quot; titulaire d\u2019un passeport diplomatique - AFALADE\" \/>\n<meta property=\"og:description\" content=\"Moussa Sanguiana Kaba commun\u00e9ment appel\u00e9 \u00ab\u00a0Grand P\u00a0\u00bb a b\u00e9n\u00e9fici\u00e9 le vendredi 9 septembre 2022 d\u2019un\" \/>\n<meta property=\"og:url\" content=\"https:\/\/afalade.com\/?p=2295\" \/>\n<meta property=\"og:site_name\" content=\"AFALADE\" \/>\n<meta property=\"article:published_time\" content=\"2022-09-10T10:31:13+00:00\" \/>\n<meta property=\"article:modified_time\" content=\"2022-10-19T15:49:44+00:00\" \/>\n<meta property=\"og:image\" content=\"https:\/\/i2.wp.com\/afalade.com\/wp-content\/uploads\/2022\/09\/306079945_660650515420018_5039192484293048806_n.jpg?fit=1364%2C2048&#038;ssl=1\" \/>\n\t<meta property=\"og:image:width\" content=\"1364\" \/>\n\t<meta property=\"og:image:height\" content=\"2048\" \/>\n<meta name=\"twitter:card\" content=\"summary_large_image\" \/>\n<meta name=\"twitter:label1\" content=\"\u00c9crit par\" \/>\n\t<meta name=\"twitter:data1\" content=\"mouna\" \/>\n\t<meta name=\"twitter:label2\" content=\"Dur\u00e9e de lecture estim\u00e9e\" \/>\n\t<meta name=\"twitter:data2\" content=\"2 minutes\" \/>\n<script type=\"application\/ld+json\" class=\"yoast-schema-graph\">{\"@context\":\"https:\/\/schema.org\",\"@graph\":[{\"@type\":\"WebSite\",\"@id\":\"https:\/\/afalade.com\/#website\",\"url\":\"https:\/\/afalade.com\/\",\"name\":\"AFALADE\",\"description\":\"ACTUALIT\\u00c9S MUSIQUE SPORT MODE LIFE &amp; STYLE\",\"potentialAction\":[{\"@type\":\"SearchAction\",\"target\":{\"@type\":\"EntryPoint\",\"urlTemplate\":\"https:\/\/afalade.com\/?s={search_term_string}\"},\"query-input\":\"required name=search_term_string\"}],\"inLanguage\":\"fr-FR\"},{\"@type\":\"ImageObject\",\"@id\":\"https:\/\/afalade.com\/?p=2295#primaryimage\",\"inLanguage\":\"fr-FR\",\"url\":\"https:\/\/i2.wp.com\/afalade.com\/wp-content\/uploads\/2022\/09\/306079945_660650515420018_5039192484293048806_n.jpg?fit=1364%2C2048&ssl=1\",\"contentUrl\":\"https:\/\/i2.wp.com\/afalade.com\/wp-content\/uploads\/2022\/09\/306079945_660650515420018_5039192484293048806_n.jpg?fit=1364%2C2048&ssl=1\",\"width\":1364,\"height\":2048},{\"@type\":\"WebPage\",\"@id\":\"https:\/\/afalade.com\/?p=2295#webpage\",\"url\":\"https:\/\/afalade.com\/?p=2295\",\"name\":\"Culture : L'ambassadeur \\\"Grand P\\\" titulaire d\\u2019un passeport diplomatique - AFALADE\",\"isPartOf\":{\"@id\":\"https:\/\/afalade.com\/#website\"},\"primaryImageOfPage\":{\"@id\":\"https:\/\/afalade.com\/?p=2295#primaryimage\"},\"datePublished\":\"2022-09-10T10:31:13+00:00\",\"dateModified\":\"2022-10-19T15:49:44+00:00\",\"author\":{\"@id\":\"https:\/\/afalade.com\/#\/schema\/person\/759fc73c5eff6f9c95afcb0ceac1f8df\"},\"breadcrumb\":{\"@id\":\"https:\/\/afalade.com\/?p=2295#breadcrumb\"},\"inLanguage\":\"fr-FR\",\"potentialAction\":[{\"@type\":\"ReadAction\",\"target\":[\"https:\/\/afalade.com\/?p=2295\"]}]},{\"@type\":\"BreadcrumbList\",\"@id\":\"https:\/\/afalade.com\/?p=2295#breadcrumb\",\"itemListElement\":[{\"@type\":\"ListItem\",\"position\":1,\"name\":\"Accueil\",\"item\":\"https:\/\/afalade.com\/\"},{\"@type\":\"ListItem\",\"position\":2,\"name\":\"Culture : L&rsquo;ambassadeur \\u00ab\\u00a0Grand P\\u00a0\\u00bb titulaire d\\u2019un passeport diplomatique\"}]},{\"@type\":\"Person\",\"@id\":\"https:\/\/afalade.com\/#\/schema\/person\/759fc73c5eff6f9c95afcb0ceac1f8df\",\"name\":\"mouna\",\"url\":\"https:\/\/afalade.com\/?author=5\"}]}<\/script>\n<!-- \/ Yoast SEO plugin. -->","yoast_head_json":{"title":"Culture : L'ambassadeur \"Grand P\" titulaire d\u2019un passeport diplomatique - AFALADE","robots":{"index":"index","follow":"follow","max-snippet":"max-snippet:-1","max-image-preview":"max-image-preview:large","max-video-preview":"max-video-preview:-1"},"canonical":"https:\/\/afalade.com\/?p=2295","og_locale":"fr_FR","og_type":"article","og_title":"Culture : L'ambassadeur \"Grand P\" titulaire d\u2019un passeport diplomatique - AFALADE","og_description":"Moussa Sanguiana Kaba commun\u00e9ment appel\u00e9 \u00ab\u00a0Grand P\u00a0\u00bb a b\u00e9n\u00e9fici\u00e9 le vendredi 9 septembre 2022 d\u2019un","og_url":"https:\/\/afalade.com\/?p=2295","og_site_name":"AFALADE","article_published_time":"2022-09-10T10:31:13+00:00","article_modified_time":"2022-10-19T15:49:44+00:00","og_image":[{"width":1364,"height":2048,"url":"https:\/\/i2.wp.com\/afalade.com\/wp-content\/uploads\/2022\/09\/306079945_660650515420018_5039192484293048806_n.jpg?fit=1364%2C2048&ssl=1","type":"image\/jpeg"}],"twitter_card":"summary_large_image","twitter_misc":{"\u00c9crit par":"mouna","Dur\u00e9e de lecture estim\u00e9e":"2 minutes"},"schema":{"@context":"https:\/\/schema.org","@graph":[{"@type":"WebSite","@id":"https:\/\/afalade.com\/#website","url":"https:\/\/afalade.com\/","name":"AFALADE","description":"ACTUALIT\u00c9S MUSIQUE SPORT MODE LIFE &amp; STYLE","potentialAction":[{"@type":"SearchAction","target":{"@type":"EntryPoint","urlTemplate":"https:\/\/afalade.com\/?s={search_term_string}"},"query-input":"required name=search_term_string"}],"inLanguage":"fr-FR"},{"@type":"ImageObject","@id":"https:\/\/afalade.com\/?p=2295#primaryimage","inLanguage":"fr-FR","url":"https:\/\/i2.wp.com\/afalade.com\/wp-content\/uploads\/2022\/09\/306079945_660650515420018_5039192484293048806_n.jpg?fit=1364%2C2048&ssl=1","contentUrl":"https:\/\/i2.wp.com\/afalade.com\/wp-content\/uploads\/2022\/09\/306079945_660650515420018_5039192484293048806_n.jpg?fit=1364%2C2048&ssl=1","width":1364,"height":2048},{"@type":"WebPage","@id":"https:\/\/afalade.com\/?p=2295#webpage","url":"https:\/\/afalade.com\/?p=2295","name":"Culture : L'ambassadeur \"Grand P\" titulaire d\u2019un passeport diplomatique - AFALADE","isPartOf":{"@id":"https:\/\/afalade.com\/#website"},"primaryImageOfPage":{"@id":"https:\/\/afalade.com\/?p=2295#primaryimage"},"datePublished":"2022-09-10T10:31:13+00:00","dateModified":"2022-10-19T15:49:44+00:00","author":{"@id":"https:\/\/afalade.com\/#\/schema\/person\/759fc73c5eff6f9c95afcb0ceac1f8df"},"breadcrumb":{"@id":"https:\/\/afalade.com\/?p=2295#breadcrumb"},"inLanguage":"fr-FR","potentialAction":[{"@type":"ReadAction","target":["https:\/\/afalade.com\/?p=2295"]}]},{"@type":"BreadcrumbList","@id":"https:\/\/afalade.com\/?p=2295#breadcrumb","itemListElement":[{"@type":"ListItem","position":1,"name":"Accueil","item":"https:\/\/afalade.com\/"},{"@type":"ListItem","position":2,"name":"Culture : L&rsquo;ambassadeur \u00ab\u00a0Grand P\u00a0\u00bb titulaire d\u2019un passeport diplomatique"}]},{"@type":"Person","@id":"https:\/\/afalade.com\/#\/schema\/person\/759fc73c5eff6f9c95afcb0ceac1f8df","name":"mouna","url":"https:\/\/afalade.com\/?author=5"}]}},"jetpack_featured_media_url":"https:\/\/i2.wp.com\/afalade.com\/wp-content\/uploads\/2022\/09\/306079945_660650515420018_5039192484293048806_n.jpg?fit=1364%2C2048&ssl=1","featured_image_urls":{"full":["https:\/\/i2.wp.com\/afalade.com\/wp-content\/uploads\/2022\/09\/306079945_660650515420018_5039192484293048806_n.jpg?fit=1364%2C2048&ssl=1",1364,2048,false],"thumbnail":["https:\/\/i2.wp.com\/afalade.com\/wp-content\/uploads\/2022\/09\/306079945_660650515420018_5039192484293048806_n.jpg?resize=150%2C150&ssl=1",150,150,true],"medium":["https:\/\/i2.wp.com\/afalade.com\/wp-content\/uploads\/2022\/09\/306079945_660650515420018_5039192484293048806_n.jpg?fit=200%2C300&ssl=1",200,300,true],"medium_large":["https:\/\/i2.wp.com\/afalade.com\/wp-content\/uploads\/2022\/09\/306079945_660650515420018_5039192484293048806_n.jpg?fit=640%2C961&ssl=1",640,961,true],"large":["https:\/\/i2.wp.com\/afalade.com\/wp-content\/uploads\/2022\/09\/306079945_660650515420018_5039192484293048806_n.jpg?fit=640%2C961&ssl=1",640,961,true],"1536x1536":["https:\/\/i2.wp.com\/afalade.com\/wp-content\/uploads\/2022\/09\/306079945_660650515420018_5039192484293048806_n.jpg?fit=1023%2C1536&ssl=1",1023,1536,true],"2048x2048":["https:\/\/i2.wp.com\/afalade.com\/wp-content\/uploads\/2022\/09\/306079945_660650515420018_5039192484293048806_n.jpg?fit=1364%2C2048&ssl=1",1364,2048,true],"magazine-7-slider-full":["https:\/\/i2.wp.com\/afalade.com\/wp-content\/uploads\/2022\/09\/306079945_660650515420018_5039192484293048806_n.jpg?resize=1364%2C1020&ssl=1",1364,1020,true],"magazine-7-slider-center":["https:\/\/i2.wp.com\/afalade.com\/wp-content\/uploads\/2022\/09\/306079945_660650515420018_5039192484293048806_n.jpg?resize=936%2C897&ssl=1",936,897,true],"magazine-7-featured":["https:\/\/i2.wp.com\/afalade.com\/wp-content\/uploads\/2022\/09\/306079945_660650515420018_5039192484293048806_n.jpg?fit=1024%2C1538&ssl=1",1024,1538,true],"magazine-7-medium":["https:\/\/i2.wp.com\/afalade.com\/wp-content\/uploads\/2022\/09\/306079945_660650515420018_5039192484293048806_n.jpg?resize=720%2C380&ssl=1",720,380,true],"magazine-7-medium-square":["https:\/\/i2.wp.com\/afalade.com\/wp-content\/uploads\/2022\/09\/306079945_660650515420018_5039192484293048806_n.jpg?resize=675%2C450&ssl=1",675,450,true]},"author_info":{"display_name":"mouna","author_link":"https:\/\/afalade.com\/?author=5"},"category_info":"<a href=\"https:\/\/afalade.com\/?cat=2\" rel=\"category\">Actualit\u00e9s<\/a>","tag_info":"Actualit\u00e9s","comment_count":"0","jetpack-related-posts":[{"id":2269,"url":"https:\/\/afalade.com\/?p=2269","url_meta":{"origin":2295,"position":0},"title":"CAF : Une mission d\u2019inspection est en Guin\u00e9e","date":"1 septembre 2022","format":false,"excerpt":"Une mission d'inspection de la Conf\u00e9d\u00e9ration africaine de football (CAF) s\u00e9journe en Guin\u00e9e du 30 au 1er septembre 2022. Cette d\u00e9l\u00e9gation compos\u00e9e de Mathurin De chacus, Pr\u00e9sident de la F\u00e9d\u00e9ration B\u00e9ninoise de Football, de Moustapha Ishola Raji, Pr\u00e9sident de la F\u00e9d\u00e9ration Lib\u00e9rienne de Football, de V\u00e9ron Mosengo-Omba, secr\u00e9taire g\u00e9n\u00e9ral de\u2026","rel":"","context":"Dans &quot;Actualit\u00e9s&quot;","img":{"alt_text":"","src":"https:\/\/i0.wp.com\/afalade.com\/wp-content\/uploads\/2022\/09\/304309384_453232076839048_8690906869687793476_n.jpg?fit=1200%2C799&ssl=1&resize=350%2C200","width":350,"height":200},"classes":[]},{"id":2299,"url":"https:\/\/afalade.com\/?p=2299","url_meta":{"origin":2295,"position":1},"title":"Voyage \u00e0 v\u00e9lo pour une cause humanitaire : Amadou Sadio Bah re\u00e7u par le Colonel Mamadi Doumbouya","date":"13 septembre 2022","format":false,"excerpt":"Le Pr\u00e9sident de la Transition, a re\u00e7u ce lundi 12 septembre 2022 au Palais Mohamed V, le jeune Belgo-guin\u00e9en Amadou Sadio Bah. Ce dernier a voyag\u00e9 de Bruxelles \u00e0 Conakry \u00e0 pied et \u00e0 v\u00e9lo, selon les conditions possibles de parcours, soit au total plus de 1500 km. Il a\u2026","rel":"","context":"Dans &quot;Actualit\u00e9s&quot;","img":{"alt_text":"","src":"https:\/\/i0.wp.com\/afalade.com\/wp-content\/uploads\/2022\/09\/305297875_461861529309436_6540964395175177754_n.jpg?fit=799%2C1200&ssl=1&resize=350%2C200","width":350,"height":200},"classes":[]},{"id":2259,"url":"https:\/\/afalade.com\/?p=2259","url_meta":{"origin":2295,"position":2},"title":"\ud835\udde3\ud835\uddee\ud835\uddf9\ud835\uddee\ud835\uddf6\ud835\ude00 \ud835\udde0\ud835\uddfc\ud835\uddf5\ud835\uddee\ud835\uddfa\ud835\uddfa\ud835\uddf2\ud835\uddf1 \ud835\udde9 : \ud835\udddf\ud835\uddf2 \ud835\uddd6\ud835\uddf5\ud835\uddf2\ud835\uddf3 \ud835\uddf1\ud835\uddf2 \ud835\uddf9&rsquo;E\ud835\ude01\ud835\uddee\ud835\ude01 \ud835\uddf9\ud835\uddee\ud835\uddf6\ud835\ude00\ud835\ude00\ud835\uddf2 \ud835\uddfd\ud835\uddee\ud835\uddff\ud835\uddf9\ud835\uddf2\ud835\uddff \ud835\ude00\ud835\uddfc\ud835\uddfb \ud835\uddf0\ud835\uddfc\ud835\uddf2\ud835\ude02\ud835\uddff \ud835\uddf2\ud835\ude01 \ud835\ude03\ud835\uddfc\ud835\uddf9\ud835\uddf2 \ud835\uddee\ud835\ude02 \ud835\ude00\ud835\uddf2\ud835\uddf0\ud835\uddfc\ud835\ude02\ud835\uddff\ud835\ude00 \ud835\uddf1\ud835\uddf2 \ud835\uddd5\ud835\uddf6\ud835\uddfb\ud835\ude01\ud835\uddee \ud835\udddf\ud835\uddee\ud835\uddf9\ud835\ude06 \ud835\udde6\ud835\uddfc\ud835\ude04","date":"31 ao\u00fbt 2022","format":false,"excerpt":"L'ic\u00f4ne de la musique guin\u00e9enne, Binta Laly Sow, a \u00e9t\u00e9 re\u00e7ue en audience dans la matin\u00e9e du mardi 30 ao\u00fbt 2022 par le Pr\u00e9sident de la Transition, le Colonel Mamadi Doumbouya. Satisfait de rencontrer \u00e0 nouveau celle qui force son respect et qu'il couve d'un int\u00e9r\u00eat quasiment maternel, le Chef\u2026","rel":"","context":"Dans &quot;Actualit\u00e9s&quot;","img":{"alt_text":"","src":"https:\/\/i1.wp.com\/afalade.com\/wp-content\/uploads\/2022\/08\/302459850_452577170237872_1257307167839713265_n.jpg?fit=1200%2C799&ssl=1&resize=350%2C200","width":350,"height":200},"classes":[]},{"id":2130,"url":"https:\/\/afalade.com\/?p=2130","url_meta":{"origin":2295,"position":3},"title":"\ud835\udff0\ud835\udff4 \ud835\uddf5\ud835\uddf2\ud835\ude02\ud835\uddff\ud835\uddf2\ud835\ude00 \ud835\uddf1\ud835\uddf2 \ud835\udde3\ud835\uddee\ud835\ude02\ud835\uddf9 \ud835\udde3\ud835\uddfc\ud835\uddf4\ud835\uddef\ud835\uddee : \ud835\udde4\ud835\ude02\ud835\uddee\ud835\uddfb\ud835\uddf1 \ud835\uddf9\ud835\uddf2 \ud835\uddfd\ud835\uddee\ud835\uddfb\ud835\uddee\ud835\uddf3\ud835\uddff\ud835\uddf6\ud835\uddf0\ud835\uddee\ud835\uddfb\ud835\uddf6\ud835\ude00\ud835\uddfa\ud835\uddf2 \ud835\uddf1\ud835\ude02 \ud835\uddd6\ud835\uddf5\ud835\uddf2\ud835\uddf3 \ud835\uddf1\ud835\uddf2 \ud835\uddf9\u2019\ud835\uddd8\ud835\ude01\ud835\uddee\ud835\ude01 \ud835\ude00\ud835\uddf2 \ud835\uddf1\ud835\uddf2\u0301\ud835\uddfd\ud835\uddf9\ud835\uddfc\ud835\uddf6\ud835\uddf2!","date":"22 juin 2022","format":false,"excerpt":"Ce mardi, 21 juin 2022, trois figures africaines du monde culturel et sportif se sont donn\u00e9 rendez-vous au Palais Mohammed V. La star malienne de la musique mandingue, Salif Keita, le c\u00e9l\u00e8bre chanteur s\u00e9n\u00e9galo-am\u00e9ricain, Akon, et le footballeur international fran\u00e7ais d\u2019origine guin\u00e9enne, Paul Pogba y ont \u00e9t\u00e9 re\u00e7us par le\u2026","rel":"","context":"Dans &quot;Actualit\u00e9s&quot;","img":{"alt_text":"","src":"https:\/\/i0.wp.com\/afalade.com\/wp-content\/uploads\/2022\/06\/289634161_406200738208849_4959274867317752578_n.jpg?fit=1200%2C799&ssl=1&resize=350%2C200","width":350,"height":200},"classes":[]},{"id":1893,"url":"https:\/\/afalade.com\/?p=1893","url_meta":{"origin":2295,"position":4},"title":"Le pavillon de la Guin\u00e9e remporte le prix argent pour sa th\u00e9matique \u00e0 Expo 2020 Duba\u00ef","date":"2 avril 2022","format":false,"excerpt":"Duba\u00ef, Emirats Arabes Unis, le 31 mars 2022. C\u2019est la veille de la cl\u00f4ture d\u2019Expo 2020 Duba\u00ef. Le Bureau International des Expositions (BIE) a organis\u00e9 sa traditionnelle c\u00e9r\u00e9monie de remise des prix aux pavillons participant \u00e0 l\u2019Expo. Sur la base de l\u2019\u00e9valuation d\u2019un jury ind\u00e9pendant compos\u00e9 d\u2019architectes, de designers et\u2026","rel":"","context":"Dans &quot;Actualit\u00e9s&quot;","img":{"alt_text":"","src":"https:\/\/i1.wp.com\/afalade.com\/wp-content\/uploads\/2022\/04\/277589613_276620054660240_7488130359317741112_n.jpg?fit=900%2C1200&ssl=1&resize=350%2C200","width":350,"height":200},"classes":[]},{"id":2382,"url":"https:\/\/afalade.com\/?p=2382","url_meta":{"origin":2295,"position":5},"title":"Turn Up sur sc\u00e8ne : A 10 jours de la 5\u00e8me \u00e9dition, AFALADE tend son micro \u00e0 Daouda Doumbouya l&rsquo;organisateur","date":"5 octobre 2022","format":false,"excerpt":"Daouda Doumbouya est un jeune guin\u00e9en qui se bat depuis plusieurs ann\u00e9es pour le rayonnement de la culture. Il est connu du public. Il pr\u00e9sente des concerts en Guin\u00e9e depuis un bon moment. Ambitieux, il porte plusieurs projets dont \u2018\u2019Turn Up sur sc\u00e8ne\u2019\u2019. La 5\u00e8me \u00e9dition de cet \u00e9v\u00e8nement se\u2026","rel":"","context":"Dans &quot;Actualit\u00e9s&quot;","img":{"alt_text":"","src":"https:\/\/i0.wp.com\/afalade.com\/wp-content\/uploads\/2022\/10\/308607799_619188719661287_7578119729205057393_n.jpg?fit=1005%2C1200&ssl=1&resize=350%2C200","width":350,"height":200},"classes":[]}],"_links":{"self":[{"href":"https:\/\/afalade.com\/index.php?rest_route=\/wp\/v2\/posts\/2295"}],"collection":[{"href":"https:\/\/afalade.com\/index.php?rest_route=\/wp\/v2\/posts"}],"about":[{"href":"https:\/\/afalade.com\/index.php?rest_route=\/wp\/v2\/types\/post"}],"author":[{"embeddable":true,"href":"https:\/\/afalade.com\/index.php?rest_route=\/wp\/v2\/users\/5"}],"replies":[{"embeddable":true,"href":"https:\/\/afalade.com\/index.php?rest_route=%2Fwp%2Fv2%2Fcomments&post=2295"}],"version-history":[{"count":2,"href":"https:\/\/afalade.com\/index.php?rest_route=\/wp\/v2\/posts\/2295\/revisions"}],"predecessor-version":[{"id":2399,"href":"https:\/\/afalade.com\/index.php?rest_route=\/wp\/v2\/posts\/2295\/revisions\/2399"}],"wp:featuredmedia":[{"embeddable":true,"href":"https:\/\/afalade.com\/index.php?rest_route=\/wp\/v2\/media\/2297"}],"wp:attachment":[{"href":"https:\/\/afalade.com\/index.php?rest_route=%2Fwp%2Fv2%2Fmedia&parent=2295"}],"wp:term":[{"taxonomy":"category","embeddable":true,"href":"https:\/\/afalade.com\/index.php?rest_route=%2Fwp%2Fv2%2Fcategories&post=2295"},{"taxonomy":"post_tag","embeddable":true,"href":"https:\/\/afalade.com\/index.php?rest_route=%2Fwp%2Fv2%2Ftags&post=2295"}],"curies":[{"name":"wp","href":"https:\/\/api.w.org\/{rel}","templated":true}]}}