{"id":2138,"date":"2022-06-24T19:46:33","date_gmt":"2022-06-24T17:46:33","guid":{"rendered":"http:\/\/afalade.com\/?p=2138"},"modified":"2022-06-24T19:46:35","modified_gmt":"2022-06-24T17:46:35","slug":"football-morlaye-sylla-integre-officiellement-arouca-fc","status":"publish","type":"post","link":"https:\/\/afalade.com\/?p=2138","title":{"rendered":"Football : Morlaye Sylla int\u00e8gre officiellement Arouca FC"},"content":{"rendered":"\n<p>Morlaye Sylla \u00e9puise son contrat avec le club guin\u00e9en le Horoya AC. Le jeune international guin\u00e9en d\u00e9cide de mettre son expertise \u00e0 l\u2019\u00e9tranger. Il va d\u00e9sormais \u00e9voluer en Europe, notamment au Portugal.<\/p>\n\n\n\n<figure class=\"wp-block-image size-full\"><img loading=\"lazy\" width=\"640\" height=\"640\" src=\"https:\/\/i1.wp.com\/afalade.com\/wp-content\/uploads\/2022\/06\/288235001_567068571455729_8246561187990937286_n.jpg?resize=640%2C640\" alt=\"\" class=\"wp-image-2140\" srcset=\"https:\/\/i1.wp.com\/afalade.com\/wp-content\/uploads\/2022\/06\/288235001_567068571455729_8246561187990937286_n.jpg?w=960&amp;ssl=1 960w, https:\/\/i1.wp.com\/afalade.com\/wp-content\/uploads\/2022\/06\/288235001_567068571455729_8246561187990937286_n.jpg?resize=300%2C300&amp;ssl=1 300w, https:\/\/i1.wp.com\/afalade.com\/wp-content\/uploads\/2022\/06\/288235001_567068571455729_8246561187990937286_n.jpg?resize=150%2C150&amp;ssl=1 150w, https:\/\/i1.wp.com\/afalade.com\/wp-content\/uploads\/2022\/06\/288235001_567068571455729_8246561187990937286_n.jpg?resize=768%2C768&amp;ssl=1 768w\" sizes=\"(max-width: 640px) 100vw, 640px\" data-recalc-dims=\"1\" \/><\/figure>\n\n\n\n<p>En effet, l\u2019ancien joueur du Fello Star de Lab\u00e9 a sign\u00e9 un contrat de trois ans avec Arouca FC. Visiblement fier de ce nouvel \u00e9lan de sa carri\u00e8re, voici la r\u00e9action du joueur sur sa page facebook.<\/p>\n\n\n\n<p><strong><em>\u00ab <\/em><\/strong><strong><em>La d\u00e9cision finale a \u00e9t\u00e9 difficile \u00e0 prendre. J\u2019y ai longuement r\u00e9fl\u00e9chi, mais j\u2019ai fini par me d\u00e9cider d\u2019entamer cette nouvelle aventure de ma carri\u00e8re de footballeur.<\/em><\/strong><\/p>\n\n\n\n<p><strong><em>C\u2019est un immense plaisir pour moi de faire mon retour \u00e0 la maison o\u00f9 j\u2019estime mettre les bouch\u00e9es doubles. Heureux de vous annoncer la famille que j\u2019ai rejoint mon ancienne maison, Arouca Football Club.<\/em><\/strong><\/p>\n\n\n\n<p><strong><em>Merci aux dirigeants du Horoya AC, au staff technique du club, \u00e0 mes co\u00e9quipiers ainsi qu\u2019\u00e0 vous chers supporters, qui ne cessez de m\u2019apporter du soutien au quotidien.<\/em><\/strong><\/p>\n\n\n\n<p><strong><em>Nouveau chapitre !<\/em><\/strong><\/p>\n\n\n\n<p><strong><em>Nouveau d\u00e9part !<\/em><\/strong><\/p>\n\n\n\n<p><strong><em>Et, nouvelle ambition. <\/em><\/strong><strong><em>\u00bb<\/em><\/strong><\/p>\n\n\n\n<figure class=\"wp-block-image size-large\"><img loading=\"lazy\" width=\"640\" height=\"856\" src=\"https:\/\/i0.wp.com\/afalade.com\/wp-content\/uploads\/2022\/06\/280060293_537430834419503_4435125414845329257_n.jpg?resize=640%2C856\" alt=\"\" class=\"wp-image-2141\" srcset=\"https:\/\/i0.wp.com\/afalade.com\/wp-content\/uploads\/2022\/06\/280060293_537430834419503_4435125414845329257_n.jpg?resize=766%2C1024&amp;ssl=1 766w, https:\/\/i0.wp.com\/afalade.com\/wp-content\/uploads\/2022\/06\/280060293_537430834419503_4435125414845329257_n.jpg?resize=225%2C300&amp;ssl=1 225w, https:\/\/i0.wp.com\/afalade.com\/wp-content\/uploads\/2022\/06\/280060293_537430834419503_4435125414845329257_n.jpg?resize=768%2C1026&amp;ssl=1 768w, https:\/\/i0.wp.com\/afalade.com\/wp-content\/uploads\/2022\/06\/280060293_537430834419503_4435125414845329257_n.jpg?w=958&amp;ssl=1 958w\" sizes=\"(max-width: 640px) 100vw, 640px\" data-recalc-dims=\"1\" \/><\/figure>\n\n\n\n<p>Morlaye Sylla part au Portugal avec un sourire aux l\u00e8vres. Depuis trois saisons, il constituait l\u2019un des maillons forts du club guin\u00e9en le Horoya AC. Il a r\u00e9ussi \u00e0 remporter avec ses co\u00e9quipiers plusieurs troph\u00e9es.<\/p>\n\n\n\n<p><strong>La R\u00e9daction<\/strong><\/p>\n","protected":false},"excerpt":{"rendered":"<p>Morlaye Sylla \u00e9puise son contrat avec le club guin\u00e9en le Horoya AC. Le jeune international<\/p>\n","protected":false},"author":5,"featured_media":2139,"comment_status":"closed","ping_status":"closed","sticky":false,"template":"","format":"standard","meta":{"_monsterinsights_skip_tracking":false,"_monsterinsights_sitenote_active":false,"_monsterinsights_sitenote_note":"","_monsterinsights_sitenote_category":0,"spay_email":""},"categories":[2,21],"tags":[1239,672,1207],"yoast_head":"<!-- This site is optimized with the Yoast SEO plugin v17.6 - https:\/\/yoast.com\/wordpress\/plugins\/seo\/ -->\n<title>Football : Morlaye Sylla int\u00e8gre officiellement Arouca FC - AFALADE<\/title>\n<meta name=\"robots\" content=\"index, follow, max-snippet:-1, max-image-preview:large, max-video-preview:-1\" \/>\n<link rel=\"canonical\" href=\"https:\/\/afalade.com\/?p=2138\" \/>\n<meta property=\"og:locale\" content=\"fr_FR\" \/>\n<meta property=\"og:type\" content=\"article\" \/>\n<meta property=\"og:title\" content=\"Football : Morlaye Sylla int\u00e8gre officiellement Arouca FC - AFALADE\" \/>\n<meta property=\"og:description\" content=\"Morlaye Sylla \u00e9puise son contrat avec le club guin\u00e9en le Horoya AC. Le jeune international\" \/>\n<meta property=\"og:url\" content=\"https:\/\/afalade.com\/?p=2138\" \/>\n<meta property=\"og:site_name\" content=\"AFALADE\" \/>\n<meta property=\"article:published_time\" content=\"2022-06-24T17:46:33+00:00\" \/>\n<meta property=\"article:modified_time\" content=\"2022-06-24T17:46:35+00:00\" \/>\n<meta property=\"og:image\" content=\"https:\/\/i1.wp.com\/afalade.com\/wp-content\/uploads\/2022\/06\/288526665_561268205369099_6778881438665533365_n.jpg?fit=1080%2C771&#038;ssl=1\" \/>\n\t<meta property=\"og:image:width\" content=\"1080\" \/>\n\t<meta property=\"og:image:height\" content=\"771\" \/>\n<meta name=\"twitter:card\" content=\"summary_large_image\" \/>\n<meta name=\"twitter:label1\" content=\"\u00c9crit par\" \/>\n\t<meta name=\"twitter:data1\" content=\"mouna\" \/>\n\t<meta name=\"twitter:label2\" content=\"Dur\u00e9e de lecture estim\u00e9e\" \/>\n\t<meta name=\"twitter:data2\" content=\"2 minutes\" \/>\n<script type=\"application\/ld+json\" class=\"yoast-schema-graph\">{\"@context\":\"https:\/\/schema.org\",\"@graph\":[{\"@type\":\"WebSite\",\"@id\":\"https:\/\/afalade.com\/#website\",\"url\":\"https:\/\/afalade.com\/\",\"name\":\"AFALADE\",\"description\":\"ACTUALIT\\u00c9S MUSIQUE SPORT MODE LIFE &amp; STYLE\",\"potentialAction\":[{\"@type\":\"SearchAction\",\"target\":{\"@type\":\"EntryPoint\",\"urlTemplate\":\"https:\/\/afalade.com\/?s={search_term_string}\"},\"query-input\":\"required name=search_term_string\"}],\"inLanguage\":\"fr-FR\"},{\"@type\":\"ImageObject\",\"@id\":\"https:\/\/afalade.com\/?p=2138#primaryimage\",\"inLanguage\":\"fr-FR\",\"url\":\"https:\/\/i1.wp.com\/afalade.com\/wp-content\/uploads\/2022\/06\/288526665_561268205369099_6778881438665533365_n.jpg?fit=1080%2C771&ssl=1\",\"contentUrl\":\"https:\/\/i1.wp.com\/afalade.com\/wp-content\/uploads\/2022\/06\/288526665_561268205369099_6778881438665533365_n.jpg?fit=1080%2C771&ssl=1\",\"width\":1080,\"height\":771},{\"@type\":\"WebPage\",\"@id\":\"https:\/\/afalade.com\/?p=2138#webpage\",\"url\":\"https:\/\/afalade.com\/?p=2138\",\"name\":\"Football : Morlaye Sylla int\\u00e8gre officiellement Arouca FC - AFALADE\",\"isPartOf\":{\"@id\":\"https:\/\/afalade.com\/#website\"},\"primaryImageOfPage\":{\"@id\":\"https:\/\/afalade.com\/?p=2138#primaryimage\"},\"datePublished\":\"2022-06-24T17:46:33+00:00\",\"dateModified\":\"2022-06-24T17:46:35+00:00\",\"author\":{\"@id\":\"https:\/\/afalade.com\/#\/schema\/person\/759fc73c5eff6f9c95afcb0ceac1f8df\"},\"breadcrumb\":{\"@id\":\"https:\/\/afalade.com\/?p=2138#breadcrumb\"},\"inLanguage\":\"fr-FR\",\"potentialAction\":[{\"@type\":\"ReadAction\",\"target\":[\"https:\/\/afalade.com\/?p=2138\"]}]},{\"@type\":\"BreadcrumbList\",\"@id\":\"https:\/\/afalade.com\/?p=2138#breadcrumb\",\"itemListElement\":[{\"@type\":\"ListItem\",\"position\":1,\"name\":\"Accueil\",\"item\":\"https:\/\/afalade.com\/\"},{\"@type\":\"ListItem\",\"position\":2,\"name\":\"Football : Morlaye Sylla int\\u00e8gre officiellement Arouca FC\"}]},{\"@type\":\"Person\",\"@id\":\"https:\/\/afalade.com\/#\/schema\/person\/759fc73c5eff6f9c95afcb0ceac1f8df\",\"name\":\"mouna\",\"url\":\"https:\/\/afalade.com\/?author=5\"}]}<\/script>\n<!-- \/ Yoast SEO plugin. -->","yoast_head_json":{"title":"Football : Morlaye Sylla int\u00e8gre officiellement Arouca FC - AFALADE","robots":{"index":"index","follow":"follow","max-snippet":"max-snippet:-1","max-image-preview":"max-image-preview:large","max-video-preview":"max-video-preview:-1"},"canonical":"https:\/\/afalade.com\/?p=2138","og_locale":"fr_FR","og_type":"article","og_title":"Football : Morlaye Sylla int\u00e8gre officiellement Arouca FC - AFALADE","og_description":"Morlaye Sylla \u00e9puise son contrat avec le club guin\u00e9en le Horoya AC. Le jeune international","og_url":"https:\/\/afalade.com\/?p=2138","og_site_name":"AFALADE","article_published_time":"2022-06-24T17:46:33+00:00","article_modified_time":"2022-06-24T17:46:35+00:00","og_image":[{"width":1080,"height":771,"url":"https:\/\/i1.wp.com\/afalade.com\/wp-content\/uploads\/2022\/06\/288526665_561268205369099_6778881438665533365_n.jpg?fit=1080%2C771&ssl=1","type":"image\/jpeg"}],"twitter_card":"summary_large_image","twitter_misc":{"\u00c9crit par":"mouna","Dur\u00e9e de lecture estim\u00e9e":"2 minutes"},"schema":{"@context":"https:\/\/schema.org","@graph":[{"@type":"WebSite","@id":"https:\/\/afalade.com\/#website","url":"https:\/\/afalade.com\/","name":"AFALADE","description":"ACTUALIT\u00c9S MUSIQUE SPORT MODE LIFE &amp; STYLE","potentialAction":[{"@type":"SearchAction","target":{"@type":"EntryPoint","urlTemplate":"https:\/\/afalade.com\/?s={search_term_string}"},"query-input":"required name=search_term_string"}],"inLanguage":"fr-FR"},{"@type":"ImageObject","@id":"https:\/\/afalade.com\/?p=2138#primaryimage","inLanguage":"fr-FR","url":"https:\/\/i1.wp.com\/afalade.com\/wp-content\/uploads\/2022\/06\/288526665_561268205369099_6778881438665533365_n.jpg?fit=1080%2C771&ssl=1","contentUrl":"https:\/\/i1.wp.com\/afalade.com\/wp-content\/uploads\/2022\/06\/288526665_561268205369099_6778881438665533365_n.jpg?fit=1080%2C771&ssl=1","width":1080,"height":771},{"@type":"WebPage","@id":"https:\/\/afalade.com\/?p=2138#webpage","url":"https:\/\/afalade.com\/?p=2138","name":"Football : Morlaye Sylla int\u00e8gre officiellement Arouca FC - AFALADE","isPartOf":{"@id":"https:\/\/afalade.com\/#website"},"primaryImageOfPage":{"@id":"https:\/\/afalade.com\/?p=2138#primaryimage"},"datePublished":"2022-06-24T17:46:33+00:00","dateModified":"2022-06-24T17:46:35+00:00","author":{"@id":"https:\/\/afalade.com\/#\/schema\/person\/759fc73c5eff6f9c95afcb0ceac1f8df"},"breadcrumb":{"@id":"https:\/\/afalade.com\/?p=2138#breadcrumb"},"inLanguage":"fr-FR","potentialAction":[{"@type":"ReadAction","target":["https:\/\/afalade.com\/?p=2138"]}]},{"@type":"BreadcrumbList","@id":"https:\/\/afalade.com\/?p=2138#breadcrumb","itemListElement":[{"@type":"ListItem","position":1,"name":"Accueil","item":"https:\/\/afalade.com\/"},{"@type":"ListItem","position":2,"name":"Football : Morlaye Sylla int\u00e8gre officiellement Arouca FC"}]},{"@type":"Person","@id":"https:\/\/afalade.com\/#\/schema\/person\/759fc73c5eff6f9c95afcb0ceac1f8df","name":"mouna","url":"https:\/\/afalade.com\/?author=5"}]}},"jetpack_featured_media_url":"https:\/\/i1.wp.com\/afalade.com\/wp-content\/uploads\/2022\/06\/288526665_561268205369099_6778881438665533365_n.jpg?fit=1080%2C771&ssl=1","featured_image_urls":{"full":["https:\/\/i1.wp.com\/afalade.com\/wp-content\/uploads\/2022\/06\/288526665_561268205369099_6778881438665533365_n.jpg?fit=1080%2C771&ssl=1",1080,771,false],"thumbnail":["https:\/\/i1.wp.com\/afalade.com\/wp-content\/uploads\/2022\/06\/288526665_561268205369099_6778881438665533365_n.jpg?resize=150%2C150&ssl=1",150,150,true],"medium":["https:\/\/i1.wp.com\/afalade.com\/wp-content\/uploads\/2022\/06\/288526665_561268205369099_6778881438665533365_n.jpg?fit=300%2C214&ssl=1",300,214,true],"medium_large":["https:\/\/i1.wp.com\/afalade.com\/wp-content\/uploads\/2022\/06\/288526665_561268205369099_6778881438665533365_n.jpg?fit=640%2C457&ssl=1",640,457,true],"large":["https:\/\/i1.wp.com\/afalade.com\/wp-content\/uploads\/2022\/06\/288526665_561268205369099_6778881438665533365_n.jpg?fit=640%2C457&ssl=1",640,457,true],"1536x1536":["https:\/\/i1.wp.com\/afalade.com\/wp-content\/uploads\/2022\/06\/288526665_561268205369099_6778881438665533365_n.jpg?fit=1080%2C771&ssl=1",1080,771,true],"2048x2048":["https:\/\/i1.wp.com\/afalade.com\/wp-content\/uploads\/2022\/06\/288526665_561268205369099_6778881438665533365_n.jpg?fit=1080%2C771&ssl=1",1080,771,true],"magazine-7-slider-full":["https:\/\/i1.wp.com\/afalade.com\/wp-content\/uploads\/2022\/06\/288526665_561268205369099_6778881438665533365_n.jpg?resize=1080%2C771&ssl=1",1080,771,true],"magazine-7-slider-center":["https:\/\/i1.wp.com\/afalade.com\/wp-content\/uploads\/2022\/06\/288526665_561268205369099_6778881438665533365_n.jpg?resize=936%2C771&ssl=1",936,771,true],"magazine-7-featured":["https:\/\/i1.wp.com\/afalade.com\/wp-content\/uploads\/2022\/06\/288526665_561268205369099_6778881438665533365_n.jpg?fit=1024%2C731&ssl=1",1024,731,true],"magazine-7-medium":["https:\/\/i1.wp.com\/afalade.com\/wp-content\/uploads\/2022\/06\/288526665_561268205369099_6778881438665533365_n.jpg?resize=720%2C380&ssl=1",720,380,true],"magazine-7-medium-square":["https:\/\/i1.wp.com\/afalade.com\/wp-content\/uploads\/2022\/06\/288526665_561268205369099_6778881438665533365_n.jpg?resize=675%2C450&ssl=1",675,450,true]},"author_info":{"display_name":"mouna","author_link":"https:\/\/afalade.com\/?author=5"},"category_info":"<a href=\"https:\/\/afalade.com\/?cat=2\" rel=\"category\">Actualit\u00e9s<\/a> <a href=\"https:\/\/afalade.com\/?cat=21\" rel=\"category\">SPORT<\/a>","tag_info":"SPORT","comment_count":"0","jetpack-related-posts":[{"id":1768,"url":"https:\/\/afalade.com\/?p=1768","url_meta":{"origin":2138,"position":0},"title":"Ligue des champions de la CAF: Le Horoya AC s&rsquo;incline face au club sud-africain AmaZulu FC (1-0)","date":"19 f\u00e9vrier 2022","format":false,"excerpt":"En d\u00e9placement en Afrique du Sud ce 18 f\u00e9vrier, au compte de la deuxi\u00e8me journ\u00e9e des phases de poule de la Ligue des champions africaine , le champion de Guin\u00e9e en titre, le Horoya Ac s'est fait pi\u00e9ger par Amazulu Fc \u00e0 la 31\u00e8me\u00a0 minute, gr\u00e2ce \u00e0 un but inscrit\u2026","rel":"","context":"Dans &quot;Actualit\u00e9s&quot;","img":{"alt_text":"","src":"https:\/\/i2.wp.com\/afalade.com\/wp-content\/uploads\/2022\/02\/274186291_345495777585781_3441942289447876195_n.jpg?fit=829%2C672&ssl=1&resize=350%2C200","width":350,"height":200},"classes":[]},{"id":1829,"url":"https:\/\/afalade.com\/?p=1829","url_meta":{"origin":2138,"position":1},"title":"Aicha la limousine \u2018\u2019cuisine\u2019\u2019 son premier album","date":"2 mars 2022","format":false,"excerpt":"Aicha Sylla alias Aicha la limousine pr\u00e9pare la sortie de son album actuellement. Elle vit au Canada notamment \u00e0 Montr\u00e9al depuis plusieurs ann\u00e9es. A cause de la covid-19, la d\u00e9cision de rendre public l\u2019album n\u2019a pas march\u00e9 en 2021. L\u2019artiste guin\u00e9enne \u00e9volue dans la musique depuis 1993. Elle \u00e9tait danseuse\u2026","rel":"","context":"Dans &quot;Actualit\u00e9s&quot;","img":{"alt_text":"","src":"https:\/\/i0.wp.com\/afalade.com\/wp-content\/uploads\/2022\/03\/266114540_440879967704551_534322218130821347_n.jpg?fit=896%2C711&ssl=1&resize=350%2C200","width":350,"height":200},"classes":[]},{"id":2287,"url":"https:\/\/afalade.com\/?p=2287","url_meta":{"origin":2138,"position":2},"title":"\u00c9v\u00e8nement : La 2\u00e8me \u00e9dition du Festival Guin\u00e9e Canada en Guin\u00e9e d\u00e9marre le 10 septembre 2022 \u00e0 Diecke","date":"7 septembre 2022","format":false,"excerpt":"\u2018\u2019Nous travaillons main dans la main en synergie avec la grande coordination Festi Guin\u00e9e Canada depuis le Canada\u2019\u2019. C\u2019est le premier message de Sow Karamoko devant notre micro. Le festival Guin\u00e9e Canada est \u00e0 sa deuxi\u00e8me \u00e9dition cette ann\u00e9e. Si l\u2019\u00e9v\u00e8nement existe depuis cinq (5) ans au Canada, en Guin\u00e9e\u2026","rel":"","context":"Dans &quot;Actualit\u00e9s&quot;","img":{"alt_text":"","src":"https:\/\/i2.wp.com\/afalade.com\/wp-content\/uploads\/2022\/09\/IMG-20220831-WA0020.jpg?fit=483%2C589&ssl=1&resize=350%2C200","width":350,"height":200},"classes":[]},{"id":2209,"url":"https:\/\/afalade.com\/?p=2209","url_meta":{"origin":2138,"position":3},"title":"Tirank\u00e9 Sidim\u00e9 : 20 ans de carri\u00e8re musicale, un 7\u00e8me album en vue plus un single cette semaine","date":"10 ao\u00fbt 2022","format":false,"excerpt":"Elle commence comme choriste aupr\u00e8s de la c\u00e9l\u00e8bre chanteuse guin\u00e9enne Oumou Dioubat\u00e9 en 1995 avant de sortir un premier album (Kekoro) en 2000. En parlant d\u2019album, Tirank\u00e9 Sidim\u00e9 en a six. Des albums qui ont \u00e9t\u00e9 travaill\u00e9s entre la Guin\u00e9e et la France. Cette semaine, l\u2019artiste guin\u00e9enne rendra public officiellement\u2026","rel":"","context":"Dans &quot;Actualit\u00e9s&quot;","img":{"alt_text":"","src":"https:\/\/i0.wp.com\/afalade.com\/wp-content\/uploads\/2022\/08\/tira.jpg?fit=680%2C960&ssl=1&resize=350%2C200","width":350,"height":200},"classes":[]},{"id":2246,"url":"https:\/\/afalade.com\/?p=2246","url_meta":{"origin":2138,"position":4},"title":"Musique: A\u00efcha la limousine choisit le Canada pour sortir son premier album dans un concert d\u00e9dicace","date":"30 ao\u00fbt 2022","format":false,"excerpt":"Aicha Sylla la Limousine sera en concert le 24 septembre 2022 \u00e0 Montr\u00e9al. C'est \u00e0 l'occasion de la sortie de son premier album que cet \u00e9v\u00e8nement aura lieu. Des artistes partageront la sc\u00e8ne avec elle ce jour l\u00e0. Sa maison de production garde la liste secr\u00e8te pour l'instant parce qu'elle\u2026","rel":"","context":"Dans &quot;Actualit\u00e9s&quot;","img":{"alt_text":"","src":"https:\/\/i0.wp.com\/afalade.com\/wp-content\/uploads\/2022\/08\/IMG-20220824-WA0023-1.jpg?fit=1200%2C1084&ssl=1&resize=350%2C200","width":350,"height":200},"classes":[]},{"id":1806,"url":"https:\/\/afalade.com\/?p=1806","url_meta":{"origin":2138,"position":5},"title":"Le Fitness s\u2019invite \u00e0 Kamsar les 25 et 26 f\u00e9vrier prochain","date":"22 f\u00e9vrier 2022","format":false,"excerpt":"Le sport pour tous est un \u00e9v\u00e9nement de masse qui regroupe des milliers de personnes autour de grands animateurs sportifs pour faire du sport dans la joie de la fa\u00e7on la plus motivante et simple possible. Il s\u2019agit du fitness. C'est le lieu id\u00e9al o\u00f9 des chor\u00e9graphies simples sont mont\u00e9es,\u2026","rel":"","context":"Dans &quot;Actualit\u00e9s&quot;","img":{"alt_text":"","src":"https:\/\/i1.wp.com\/afalade.com\/wp-content\/uploads\/2022\/02\/242125864_221904306625253_515132949309618548_n.jpg?fit=1200%2C900&ssl=1&resize=350%2C200","width":350,"height":200},"classes":[]}],"_links":{"self":[{"href":"https:\/\/afalade.com\/index.php?rest_route=\/wp\/v2\/posts\/2138"}],"collection":[{"href":"https:\/\/afalade.com\/index.php?rest_route=\/wp\/v2\/posts"}],"about":[{"href":"https:\/\/afalade.com\/index.php?rest_route=\/wp\/v2\/types\/post"}],"author":[{"embeddable":true,"href":"https:\/\/afalade.com\/index.php?rest_route=\/wp\/v2\/users\/5"}],"replies":[{"embeddable":true,"href":"https:\/\/afalade.com\/index.php?rest_route=%2Fwp%2Fv2%2Fcomments&post=2138"}],"version-history":[{"count":1,"href":"https:\/\/afalade.com\/index.php?rest_route=\/wp\/v2\/posts\/2138\/revisions"}],"predecessor-version":[{"id":2142,"href":"https:\/\/afalade.com\/index.php?rest_route=\/wp\/v2\/posts\/2138\/revisions\/2142"}],"wp:featuredmedia":[{"embeddable":true,"href":"https:\/\/afalade.com\/index.php?rest_route=\/wp\/v2\/media\/2139"}],"wp:attachment":[{"href":"https:\/\/afalade.com\/index.php?rest_route=%2Fwp%2Fv2%2Fmedia&parent=2138"}],"wp:term":[{"taxonomy":"category","embeddable":true,"href":"https:\/\/afalade.com\/index.php?rest_route=%2Fwp%2Fv2%2Fcategories&post=2138"},{"taxonomy":"post_tag","embeddable":true,"href":"https:\/\/afalade.com\/index.php?rest_route=%2Fwp%2Fv2%2Ftags&post=2138"}],"curies":[{"name":"wp","href":"https:\/\/api.w.org\/{rel}","templated":true}]}}