{"id":2049,"date":"2022-05-18T20:35:28","date_gmt":"2022-05-18T18:35:28","guid":{"rendered":"http:\/\/afalade.com\/?p=2049"},"modified":"2022-05-18T21:51:10","modified_gmt":"2022-05-18T19:51:10","slug":"tapis-rouge-la-rencontre-glamour-de-conakry","status":"publish","type":"post","link":"https:\/\/afalade.com\/?p=2049","title":{"rendered":"Tapis Rouge : La rencontre glamour de Conakry"},"content":{"rendered":"\n<p><em><strong>\u2018\u2019Le concept est simple, Tapis Rouge comme le nom l&rsquo;indique est une soir\u00e9e classe et exceptionnelle afin de faire du passage des invit\u00e9s une vraie c\u00e9r\u00e9monie. Le rouge repr\u00e9sente la solennit\u00e9, cela signifie que les personnes que nous recevons sont prestigieuses. \u2018\u2019<\/strong> <\/em>Nous avons rencontr\u00e9 Fanta Kadeka Kamara l\u2019initiatrice du Tapis Rouge et ce sont ses premiers mots.<\/p>\n\n\n\n<p>Tapis Rouge va se tenir pour la premi\u00e8re fois le vendredi 20 mai \u00e0 Conakry notamment au Galaxy Nigth Club de Dixin \u00e0 22 h. Voici les activit\u00e9s pr\u00e9vues&nbsp;:<\/p>\n\n\n\n<p>-Un d\u00e9fil\u00e9 de mode<\/p>\n\n\n\n<p>-Des prestations d\u2019artistes<\/p>\n\n\n\n<p>-Un concours portant sur la meilleure tenue de la soir\u00e9e.<\/p>\n\n\n\n<p>Plusieurs personnes vont participer \u00e0 cette rencontre glamour<em>. \u00a0<\/em><\/p>\n\n\n\n<p><em>\u2018<strong>\u2019Sont invit\u00e9es des personnalit\u00e9s publiques (M\u00e9dias, Artistes, Acteurs, Entrepreneurs). Venez d\u00e9couvrir le Tapis Rouge\u00a0: Tapis pour sa douceur, sa propret\u00e9, son utilit\u00e9. Le rouge pour sa solennit\u00e9, sa force, son \u00e9nergie mais surtout l&rsquo;amour. Le message est simple.\u00a0 Nous avons l&rsquo;habitude de vivre le tapis rouge sur les cha\u00eenes internationales, l&rsquo;occasion de le vivre en direct se pr\u00e9sente \u00e0 vous gr\u00e2ce \u00e0 la structure FLM . Alors procurez-vous des tickets et r\u00e9servez vos salons avant qu&rsquo;il ne soit trop tard car deux vedettes surprises seront au rendez-vous.\u2019\u2019<\/strong><\/em><\/p>\n\n\n\n<p><strong>La R\u00e9daction<\/strong><\/p>\n","protected":false},"excerpt":{"rendered":"<p>\u2018\u2019Le concept est simple, Tapis Rouge comme le nom l&rsquo;indique est une soir\u00e9e classe et<\/p>\n","protected":false},"author":5,"featured_media":2050,"comment_status":"closed","ping_status":"closed","sticky":false,"template":"","format":"standard","meta":{"_monsterinsights_skip_tracking":false,"_monsterinsights_sitenote_active":false,"_monsterinsights_sitenote_note":"","_monsterinsights_sitenote_category":0,"spay_email":""},"categories":[2,17,18],"tags":[968,1011,672],"yoast_head":"<!-- This site is optimized with the Yoast SEO plugin v17.6 - https:\/\/yoast.com\/wordpress\/plugins\/seo\/ -->\n<title>Tapis Rouge : La rencontre glamour de Conakry - AFALADE<\/title>\n<meta name=\"robots\" content=\"index, follow, max-snippet:-1, max-image-preview:large, max-video-preview:-1\" \/>\n<link rel=\"canonical\" href=\"https:\/\/afalade.com\/?p=2049\" \/>\n<meta property=\"og:locale\" content=\"fr_FR\" \/>\n<meta property=\"og:type\" content=\"article\" \/>\n<meta property=\"og:title\" content=\"Tapis Rouge : La rencontre glamour de Conakry - AFALADE\" \/>\n<meta property=\"og:description\" content=\"\u2018\u2019Le concept est simple, Tapis Rouge comme le nom l&rsquo;indique est une soir\u00e9e classe et\" \/>\n<meta property=\"og:url\" content=\"https:\/\/afalade.com\/?p=2049\" \/>\n<meta property=\"og:site_name\" content=\"AFALADE\" \/>\n<meta property=\"article:published_time\" content=\"2022-05-18T18:35:28+00:00\" \/>\n<meta property=\"article:modified_time\" content=\"2022-05-18T19:51:10+00:00\" \/>\n<meta property=\"og:image\" content=\"https:\/\/i2.wp.com\/afalade.com\/wp-content\/uploads\/2022\/05\/215147583_1262437207546789_7349958735060876296_n.jpg?fit=711%2C712&#038;ssl=1\" \/>\n\t<meta property=\"og:image:width\" content=\"711\" \/>\n\t<meta property=\"og:image:height\" content=\"712\" \/>\n<meta name=\"twitter:card\" content=\"summary_large_image\" \/>\n<meta name=\"twitter:label1\" content=\"\u00c9crit par\" \/>\n\t<meta name=\"twitter:data1\" content=\"mouna\" \/>\n\t<meta name=\"twitter:label2\" content=\"Dur\u00e9e de lecture estim\u00e9e\" \/>\n\t<meta name=\"twitter:data2\" content=\"1 minute\" \/>\n<script type=\"application\/ld+json\" class=\"yoast-schema-graph\">{\"@context\":\"https:\/\/schema.org\",\"@graph\":[{\"@type\":\"WebSite\",\"@id\":\"https:\/\/afalade.com\/#website\",\"url\":\"https:\/\/afalade.com\/\",\"name\":\"AFALADE\",\"description\":\"ACTUALIT\\u00c9S MUSIQUE SPORT MODE LIFE &amp; STYLE\",\"potentialAction\":[{\"@type\":\"SearchAction\",\"target\":{\"@type\":\"EntryPoint\",\"urlTemplate\":\"https:\/\/afalade.com\/?s={search_term_string}\"},\"query-input\":\"required name=search_term_string\"}],\"inLanguage\":\"fr-FR\"},{\"@type\":\"ImageObject\",\"@id\":\"https:\/\/afalade.com\/?p=2049#primaryimage\",\"inLanguage\":\"fr-FR\",\"url\":\"https:\/\/i2.wp.com\/afalade.com\/wp-content\/uploads\/2022\/05\/215147583_1262437207546789_7349958735060876296_n.jpg?fit=711%2C712&ssl=1\",\"contentUrl\":\"https:\/\/i2.wp.com\/afalade.com\/wp-content\/uploads\/2022\/05\/215147583_1262437207546789_7349958735060876296_n.jpg?fit=711%2C712&ssl=1\",\"width\":711,\"height\":712},{\"@type\":\"WebPage\",\"@id\":\"https:\/\/afalade.com\/?p=2049#webpage\",\"url\":\"https:\/\/afalade.com\/?p=2049\",\"name\":\"Tapis Rouge : La rencontre glamour de Conakry - AFALADE\",\"isPartOf\":{\"@id\":\"https:\/\/afalade.com\/#website\"},\"primaryImageOfPage\":{\"@id\":\"https:\/\/afalade.com\/?p=2049#primaryimage\"},\"datePublished\":\"2022-05-18T18:35:28+00:00\",\"dateModified\":\"2022-05-18T19:51:10+00:00\",\"author\":{\"@id\":\"https:\/\/afalade.com\/#\/schema\/person\/759fc73c5eff6f9c95afcb0ceac1f8df\"},\"breadcrumb\":{\"@id\":\"https:\/\/afalade.com\/?p=2049#breadcrumb\"},\"inLanguage\":\"fr-FR\",\"potentialAction\":[{\"@type\":\"ReadAction\",\"target\":[\"https:\/\/afalade.com\/?p=2049\"]}]},{\"@type\":\"BreadcrumbList\",\"@id\":\"https:\/\/afalade.com\/?p=2049#breadcrumb\",\"itemListElement\":[{\"@type\":\"ListItem\",\"position\":1,\"name\":\"Accueil\",\"item\":\"https:\/\/afalade.com\/\"},{\"@type\":\"ListItem\",\"position\":2,\"name\":\"Tapis Rouge : La rencontre glamour de Conakry\"}]},{\"@type\":\"Person\",\"@id\":\"https:\/\/afalade.com\/#\/schema\/person\/759fc73c5eff6f9c95afcb0ceac1f8df\",\"name\":\"mouna\",\"url\":\"https:\/\/afalade.com\/?author=5\"}]}<\/script>\n<!-- \/ Yoast SEO plugin. -->","yoast_head_json":{"title":"Tapis Rouge : La rencontre glamour de Conakry - AFALADE","robots":{"index":"index","follow":"follow","max-snippet":"max-snippet:-1","max-image-preview":"max-image-preview:large","max-video-preview":"max-video-preview:-1"},"canonical":"https:\/\/afalade.com\/?p=2049","og_locale":"fr_FR","og_type":"article","og_title":"Tapis Rouge : La rencontre glamour de Conakry - AFALADE","og_description":"\u2018\u2019Le concept est simple, Tapis Rouge comme le nom l&rsquo;indique est une soir\u00e9e classe et","og_url":"https:\/\/afalade.com\/?p=2049","og_site_name":"AFALADE","article_published_time":"2022-05-18T18:35:28+00:00","article_modified_time":"2022-05-18T19:51:10+00:00","og_image":[{"width":711,"height":712,"url":"https:\/\/i2.wp.com\/afalade.com\/wp-content\/uploads\/2022\/05\/215147583_1262437207546789_7349958735060876296_n.jpg?fit=711%2C712&ssl=1","type":"image\/jpeg"}],"twitter_card":"summary_large_image","twitter_misc":{"\u00c9crit par":"mouna","Dur\u00e9e de lecture estim\u00e9e":"1 minute"},"schema":{"@context":"https:\/\/schema.org","@graph":[{"@type":"WebSite","@id":"https:\/\/afalade.com\/#website","url":"https:\/\/afalade.com\/","name":"AFALADE","description":"ACTUALIT\u00c9S MUSIQUE SPORT MODE LIFE &amp; STYLE","potentialAction":[{"@type":"SearchAction","target":{"@type":"EntryPoint","urlTemplate":"https:\/\/afalade.com\/?s={search_term_string}"},"query-input":"required name=search_term_string"}],"inLanguage":"fr-FR"},{"@type":"ImageObject","@id":"https:\/\/afalade.com\/?p=2049#primaryimage","inLanguage":"fr-FR","url":"https:\/\/i2.wp.com\/afalade.com\/wp-content\/uploads\/2022\/05\/215147583_1262437207546789_7349958735060876296_n.jpg?fit=711%2C712&ssl=1","contentUrl":"https:\/\/i2.wp.com\/afalade.com\/wp-content\/uploads\/2022\/05\/215147583_1262437207546789_7349958735060876296_n.jpg?fit=711%2C712&ssl=1","width":711,"height":712},{"@type":"WebPage","@id":"https:\/\/afalade.com\/?p=2049#webpage","url":"https:\/\/afalade.com\/?p=2049","name":"Tapis Rouge : La rencontre glamour de Conakry - AFALADE","isPartOf":{"@id":"https:\/\/afalade.com\/#website"},"primaryImageOfPage":{"@id":"https:\/\/afalade.com\/?p=2049#primaryimage"},"datePublished":"2022-05-18T18:35:28+00:00","dateModified":"2022-05-18T19:51:10+00:00","author":{"@id":"https:\/\/afalade.com\/#\/schema\/person\/759fc73c5eff6f9c95afcb0ceac1f8df"},"breadcrumb":{"@id":"https:\/\/afalade.com\/?p=2049#breadcrumb"},"inLanguage":"fr-FR","potentialAction":[{"@type":"ReadAction","target":["https:\/\/afalade.com\/?p=2049"]}]},{"@type":"BreadcrumbList","@id":"https:\/\/afalade.com\/?p=2049#breadcrumb","itemListElement":[{"@type":"ListItem","position":1,"name":"Accueil","item":"https:\/\/afalade.com\/"},{"@type":"ListItem","position":2,"name":"Tapis Rouge : La rencontre glamour de Conakry"}]},{"@type":"Person","@id":"https:\/\/afalade.com\/#\/schema\/person\/759fc73c5eff6f9c95afcb0ceac1f8df","name":"mouna","url":"https:\/\/afalade.com\/?author=5"}]}},"jetpack_featured_media_url":"https:\/\/i2.wp.com\/afalade.com\/wp-content\/uploads\/2022\/05\/215147583_1262437207546789_7349958735060876296_n.jpg?fit=711%2C712&ssl=1","featured_image_urls":{"full":["https:\/\/i2.wp.com\/afalade.com\/wp-content\/uploads\/2022\/05\/215147583_1262437207546789_7349958735060876296_n.jpg?fit=711%2C712&ssl=1",711,712,false],"thumbnail":["https:\/\/i2.wp.com\/afalade.com\/wp-content\/uploads\/2022\/05\/215147583_1262437207546789_7349958735060876296_n.jpg?resize=150%2C150&ssl=1",150,150,true],"medium":["https:\/\/i2.wp.com\/afalade.com\/wp-content\/uploads\/2022\/05\/215147583_1262437207546789_7349958735060876296_n.jpg?fit=300%2C300&ssl=1",300,300,true],"medium_large":["https:\/\/i2.wp.com\/afalade.com\/wp-content\/uploads\/2022\/05\/215147583_1262437207546789_7349958735060876296_n.jpg?fit=640%2C641&ssl=1",640,641,true],"large":["https:\/\/i2.wp.com\/afalade.com\/wp-content\/uploads\/2022\/05\/215147583_1262437207546789_7349958735060876296_n.jpg?fit=640%2C641&ssl=1",640,641,true],"1536x1536":["https:\/\/i2.wp.com\/afalade.com\/wp-content\/uploads\/2022\/05\/215147583_1262437207546789_7349958735060876296_n.jpg?fit=711%2C712&ssl=1",711,712,true],"2048x2048":["https:\/\/i2.wp.com\/afalade.com\/wp-content\/uploads\/2022\/05\/215147583_1262437207546789_7349958735060876296_n.jpg?fit=711%2C712&ssl=1",711,712,true],"magazine-7-slider-full":["https:\/\/i2.wp.com\/afalade.com\/wp-content\/uploads\/2022\/05\/215147583_1262437207546789_7349958735060876296_n.jpg?resize=711%2C712&ssl=1",711,712,true],"magazine-7-slider-center":["https:\/\/i2.wp.com\/afalade.com\/wp-content\/uploads\/2022\/05\/215147583_1262437207546789_7349958735060876296_n.jpg?resize=711%2C712&ssl=1",711,712,true],"magazine-7-featured":["https:\/\/i2.wp.com\/afalade.com\/wp-content\/uploads\/2022\/05\/215147583_1262437207546789_7349958735060876296_n.jpg?fit=711%2C712&ssl=1",711,712,true],"magazine-7-medium":["https:\/\/i2.wp.com\/afalade.com\/wp-content\/uploads\/2022\/05\/215147583_1262437207546789_7349958735060876296_n.jpg?resize=711%2C380&ssl=1",711,380,true],"magazine-7-medium-square":["https:\/\/i2.wp.com\/afalade.com\/wp-content\/uploads\/2022\/05\/215147583_1262437207546789_7349958735060876296_n.jpg?resize=675%2C450&ssl=1",675,450,true]},"author_info":{"display_name":"mouna","author_link":"https:\/\/afalade.com\/?author=5"},"category_info":"<a href=\"https:\/\/afalade.com\/?cat=2\" rel=\"category\">Actualit\u00e9s<\/a> <a href=\"https:\/\/afalade.com\/?cat=17\" rel=\"category\">MODE ET TENDANCE<\/a> <a href=\"https:\/\/afalade.com\/?cat=18\" rel=\"category\">MUSIQUE<\/a>","tag_info":"MUSIQUE","comment_count":"0","jetpack-related-posts":[{"id":1564,"url":"https:\/\/afalade.com\/?p=1564","url_meta":{"origin":2049,"position":0},"title":"Tigui Bah, le visage de la Nuit du Kania","date":"20 d\u00e9cembre 2021","format":false,"excerpt":"La Nuit du Kania entame sa deuxi\u00e8me \u00e9dition. L\u2019\u00e9v\u00e8nement se tiendra \u00e0 Conakry au 224 Lounge situ\u00e9 \u00e0 Lambandji. Port\u00e9 par l\u2019Agence Tigui\u2019s com, il va r\u00e9unir les fils et filles de la r\u00e9gion autour de la culture. \u00a0La nuit du Kania a pour th\u00e8me cette ann\u00e9e, Paix, Union et\u2026","rel":"","context":"Dans &quot;Actualit\u00e9s&quot;","img":{"alt_text":"","src":"https:\/\/i0.wp.com\/afalade.com\/wp-content\/uploads\/2021\/12\/received_457180179143794.jpeg?fit=810%2C1080&ssl=1&resize=350%2C200","width":350,"height":200},"classes":[]},{"id":1455,"url":"https:\/\/afalade.com\/?p=1455","url_meta":{"origin":2049,"position":1},"title":"Afro Chic : La mode africaine s\u2019invite \u00e0 Montr\u00e9al le 31 d\u00e9cembre 2021 (soir\u00e9e de gala)","date":"24 novembre 2021","format":false,"excerpt":"La deuxi\u00e8me \u00e9dition de l\u2019\u00e9v\u00e9nement consacr\u00e9 \u00e0 la mode africaine se tiendra le 31 d\u00e9cembre 2021 \u00e0 20 h \u00e0 Montr\u00e9al au Canada. Afro Chic est initi\u00e9 par la structure Soul2soulProd (GMG). Report\u00e9 \u00e0 cause du coronavirus ces derni\u00e8res ann\u00e9es, c\u2019est tout joyeux que les organisateurs rassurent les participants sur\u2026","rel":"","context":"Dans &quot;Actualit\u00e9s&quot;","img":{"alt_text":"","src":"https:\/\/i0.wp.com\/afalade.com\/wp-content\/uploads\/2021\/11\/258362855_302408184930681_6291338418017601403_n.jpg?fit=900%2C1200&ssl=1&resize=350%2C200","width":350,"height":200},"classes":[]},{"id":1870,"url":"https:\/\/afalade.com\/?p=1870","url_meta":{"origin":2049,"position":2},"title":"Foire \u00e9conomique de Siguiri, une vitrine pour la ville","date":"20 mars 2022","format":false,"excerpt":"La Guin\u00e9e ne se limite pas \u00e0 Conakry. C\u2019est avec cette pens\u00e9e que les organisateurs de la foire \u00e9conomique de Siguiri tiennent leur \u00e9v\u00e8nement. Aucune activit\u00e9 majeure ne se d\u00e9roule en r\u00e9alit\u00e9 \u00e0 Siguiri. \u00a0Redonner de la valeur \u00e0 l\u2019int\u00e9rieur de la Guin\u00e9e notamment \u00e0 Siguiri reste l\u2019objectif principal de\u2026","rel":"","context":"Dans &quot;Actualit\u00e9s&quot;","img":{"alt_text":"","src":"https:\/\/i1.wp.com\/afalade.com\/wp-content\/uploads\/2022\/03\/IMG-20220110-WA0060.jpg?fit=720%2C1080&ssl=1&resize=350%2C200","width":350,"height":200},"classes":[]},{"id":2052,"url":"https:\/\/afalade.com\/?p=2052","url_meta":{"origin":2049,"position":3},"title":"Festival des \u00eeles de Loos : Soro accueille les premiers festivaliers du 27 au 29 mai 2022","date":"18 mai 2022","format":false,"excerpt":"Un habitu\u00e9 de grands \u00e9v\u00e8nements culturels d\u00e9cide d\u2019orienter son expertise vers le tourisme afin de mettre en exergue les \u00eeles de Guin\u00e9e. Il est \u00e0 la t\u00eate du d\u00e9sormais festival des \u00eeles de loos \u2018\u2019 un groupe d'\u00eeles situ\u00e9es au large de Conakry en Guin\u00e9e.\u2019\u2019 Alice Dore est entrepreneur culturel,\u2026","rel":"","context":"Dans &quot;Actualit\u00e9s&quot;","img":{"alt_text":"","src":"https:\/\/i1.wp.com\/afalade.com\/wp-content\/uploads\/2022\/05\/280488658_1065040480791368_1171467534646238344_n.jpg?fit=625%2C509&ssl=1&resize=350%2C200","width":350,"height":200},"classes":[]},{"id":1820,"url":"https:\/\/afalade.com\/?p=1820","url_meta":{"origin":2049,"position":4},"title":"Voyage \u00e0 v\u00e9lo : Philippe LAUTRIDOU d\u00e9couvre l\u2019Afrique","date":"28 f\u00e9vrier 2022","format":false,"excerpt":"Philippe LAUTRIDOU est fran\u00e7ais. Ag\u00e9 de 51 ans, il fait un tour du monde de six (6) mois en 2006. Depuis 2012, il voyage \u00e0 v\u00e9lo. En 2013, il entreprend un cyclotourisme d\u2019un an, en solo, en Afrique. Il part de Dakar pour rejoindre l\u2019Afrique du Sud. Il traverse ainsi\u2026","rel":"","context":"Dans &quot;Actualit\u00e9s&quot;","img":{"alt_text":"","src":"https:\/\/i0.wp.com\/afalade.com\/wp-content\/uploads\/2022\/02\/IMG-20220227-WA0002.jpg?fit=1200%2C900&ssl=1&resize=350%2C200","width":350,"height":200},"classes":[]},{"id":2421,"url":"https:\/\/afalade.com\/?p=2421","url_meta":{"origin":2049,"position":5},"title":"Double concert : Dadju et Abou Tall sont attendus \u00e0 Conakry","date":"1 novembre 2022","format":false,"excerpt":"Les deux artistes seront \u00e0 Conakry pour tenir deux concerts. Invit\u00e9s par la structure Meurs Libre Prod, le duo qui composait il y'a quelques ann\u00e9es The Shin Seka\u00ef est attendu \u00e0 Conakry pour tenir un grand show. Ablaye Mbaye est l'un des fondateurs du label qui envoie ces artistes. Notre\u2026","rel":"","context":"Dans &quot;Actualit\u00e9s&quot;","img":{"alt_text":"","src":"https:\/\/i2.wp.com\/afalade.com\/wp-content\/uploads\/2022\/11\/Abou-Tall-Dadju-.jpg?fit=768%2C392&ssl=1&resize=350%2C200","width":350,"height":200},"classes":[]}],"_links":{"self":[{"href":"https:\/\/afalade.com\/index.php?rest_route=\/wp\/v2\/posts\/2049"}],"collection":[{"href":"https:\/\/afalade.com\/index.php?rest_route=\/wp\/v2\/posts"}],"about":[{"href":"https:\/\/afalade.com\/index.php?rest_route=\/wp\/v2\/types\/post"}],"author":[{"embeddable":true,"href":"https:\/\/afalade.com\/index.php?rest_route=\/wp\/v2\/users\/5"}],"replies":[{"embeddable":true,"href":"https:\/\/afalade.com\/index.php?rest_route=%2Fwp%2Fv2%2Fcomments&post=2049"}],"version-history":[{"count":2,"href":"https:\/\/afalade.com\/index.php?rest_route=\/wp\/v2\/posts\/2049\/revisions"}],"predecessor-version":[{"id":2059,"href":"https:\/\/afalade.com\/index.php?rest_route=\/wp\/v2\/posts\/2049\/revisions\/2059"}],"wp:featuredmedia":[{"embeddable":true,"href":"https:\/\/afalade.com\/index.php?rest_route=\/wp\/v2\/media\/2050"}],"wp:attachment":[{"href":"https:\/\/afalade.com\/index.php?rest_route=%2Fwp%2Fv2%2Fmedia&parent=2049"}],"wp:term":[{"taxonomy":"category","embeddable":true,"href":"https:\/\/afalade.com\/index.php?rest_route=%2Fwp%2Fv2%2Fcategories&post=2049"},{"taxonomy":"post_tag","embeddable":true,"href":"https:\/\/afalade.com\/index.php?rest_route=%2Fwp%2Fv2%2Ftags&post=2049"}],"curies":[{"name":"wp","href":"https:\/\/api.w.org\/{rel}","templated":true}]}}