{"id":1893,"date":"2022-04-02T17:36:02","date_gmt":"2022-04-02T15:36:02","guid":{"rendered":"http:\/\/afalade.com\/?p=1893"},"modified":"2022-04-02T17:36:05","modified_gmt":"2022-04-02T15:36:05","slug":"le-pavillon-de-la-guinee-remporte-le-prix-argent-pour-sa-thematique-a-expo-2020-dubai","status":"publish","type":"post","link":"https:\/\/afalade.com\/?p=1893","title":{"rendered":"Le pavillon de la Guin\u00e9e remporte le prix argent pour sa th\u00e9matique \u00e0 Expo 2020 Duba\u00ef"},"content":{"rendered":"\n<p>Duba\u00ef, Emirats Arabes Unis, le 31 mars 2022. C\u2019est la veille de la cl\u00f4ture d\u2019Expo 2020 Duba\u00ef. Le Bureau International des Expositions (BIE) a organis\u00e9 sa traditionnelle c\u00e9r\u00e9monie de remise des prix aux pavillons participant \u00e0 l\u2019Expo. Sur la base de l\u2019\u00e9valuation d\u2019un jury ind\u00e9pendant compos\u00e9 d\u2019architectes, de designers et d\u2019artistes mondialement reconnus, les pavillons les plus m\u00e9ritants se sont vus d\u00e9cern\u00e9s un prix pour reconna\u00eetre la qualit\u00e9 du travail accompli. <\/p>\n\n\n\n<p>Cette ann\u00e9e un nombre record de 190 pavillons \u00e9taient en comp\u00e9tition pour ces prix prestigieux qui \u00e9valuent le th\u00e8me et le design de chacun d\u2019eux. C\u2019est dans la cat\u00e9gorie des participants internationaux du district durabilit\u00e9 que le pavillon de la Guin\u00e9e a remport\u00e9 la deuxi\u00e8me place pour le prix du pavillon de la meilleure interpr\u00e9tation th\u00e9matique. Le pays partage le podium avec le Y\u00e9men, m\u00e9daill\u00e9 d\u2019or et les Comores, m\u00e9daill\u00e9 de bronze dans cette cat\u00e9gorie. <\/p>\n\n\n\n<p>Pour la premi\u00e8re fois lors d\u2019une exposition universelle, la Guin\u00e9e dispose de son propre pavillon ind\u00e9pendant. Situ\u00e9 dans le district d\u00e9di\u00e9 \u00e0 la durabilit\u00e9, sur 200 m\u00b2 il met en valeur sous le prisme de l\u2019eau l\u2019histoire, la culture, les opportunit\u00e9s d\u2019investissement, les innovations et les attractions touristiques du pays. D\u00e9nomm\u00e9 \u00ab puisez \u00e0 la source de l\u2019Afrique de l\u2019Ouest \u00bb, il est une invitation aux visiteurs \u00e0 venir d\u00e9couvrir le pays \u00e0 travers des activit\u00e9s ludiques adapt\u00e9es \u00e0 tous \u00e2ges et disponibles en fran\u00e7ais et en anglais. <\/p>\n\n\n\n<figure class=\"wp-block-image size-large\"><img loading=\"lazy\" width=\"640\" height=\"427\" src=\"https:\/\/i2.wp.com\/afalade.com\/wp-content\/uploads\/2022\/04\/273044308_239543451701234_3431716036458654606_n.jpg?resize=640%2C427\" alt=\"\" class=\"wp-image-1895\" srcset=\"https:\/\/i2.wp.com\/afalade.com\/wp-content\/uploads\/2022\/04\/273044308_239543451701234_3431716036458654606_n.jpg?resize=1024%2C683&amp;ssl=1 1024w, https:\/\/i2.wp.com\/afalade.com\/wp-content\/uploads\/2022\/04\/273044308_239543451701234_3431716036458654606_n.jpg?resize=300%2C200&amp;ssl=1 300w, https:\/\/i2.wp.com\/afalade.com\/wp-content\/uploads\/2022\/04\/273044308_239543451701234_3431716036458654606_n.jpg?resize=768%2C512&amp;ssl=1 768w, https:\/\/i2.wp.com\/afalade.com\/wp-content\/uploads\/2022\/04\/273044308_239543451701234_3431716036458654606_n.jpg?resize=1536%2C1024&amp;ssl=1 1536w, https:\/\/i2.wp.com\/afalade.com\/wp-content\/uploads\/2022\/04\/273044308_239543451701234_3431716036458654606_n.jpg?resize=675%2C450&amp;ssl=1 675w, https:\/\/i2.wp.com\/afalade.com\/wp-content\/uploads\/2022\/04\/273044308_239543451701234_3431716036458654606_n.jpg?w=1837&amp;ssl=1 1837w, https:\/\/i2.wp.com\/afalade.com\/wp-content\/uploads\/2022\/04\/273044308_239543451701234_3431716036458654606_n.jpg?w=1280 1280w\" sizes=\"(max-width: 640px) 100vw, 640px\" data-recalc-dims=\"1\" \/><\/figure>\n\n\n\n<p>A travers la magie de la technologie, les visiteurs sont plong\u00e9s au c\u0153ur de la Guin\u00e9e et sont invit\u00e9s \u00e0 contribuer \u00e0 l\u2019\u00e9laboration de solutions pour une meilleure gestion de l\u2019eau et la promotion du d\u00e9veloppement durable. Un espace boutique offre divers produits \u2018Made in Guinea\u2019 dans l\u2019agro-alimentaire, le textile, la cosm\u00e9tique, la sculpture, la litt\u00e9rature et bien d\u2019autres surprises. <\/p>\n\n\n\n<p>C&rsquo;est en 2018 sous la supervision du Commissaire g\u00e9n\u00e9ral de l&rsquo;\u00e9poque M. Gabriel Curtis que la Guin\u00e9e a d\u00e9cid\u00e9 des orientations th\u00e9matiques de sa participation \u00e0 l\u2019Expo de Duba\u00ef. Pour nourrir cette th\u00e9matique, un travail de recherche et de documentation d\u00e9taill\u00e9 a \u00e9t\u00e9 effectu\u00e9 pendant plus d\u2019un an en collaboration avec un comit\u00e9 compos\u00e9 d\u2019illustres \u00e9minences telles que l\u2019historien Feu Pr. Djibril Tamsir Niane, l\u2019anthropologue Dr. Marie Yvonne Curtis, le sociologue Pr. Alpha Amadou Bano Barry, l\u2019urbaniste Dr. Bahna Sidib\u00e9, le diplomate M. Mamady Cond\u00e9, l\u2019\u00e9crivain M. N\u00e8n\u00e8 Moussa Maleya Camara et le chercheur Pr. Selly Camara. Plusieurs voyages de r\u00e9colte de contenu \u00e0 travers les quatre r\u00e9gions naturelles de la Guin\u00e9e et la conduite d\u2019interview avec des personnes clefs ont \u00e9t\u00e9 r\u00e9alis\u00e9es sur deux ans pour pouvoir illustrer au mieux la Guin\u00e9e dans sa diversit\u00e9 sur le pavillon \u00e0 Expo. C\u2019est ce travail d\u00e9taill\u00e9 et enrichi par la contribution de plusieurs acteurs venus de tout le territoire qui a \u00e9t\u00e9 sacr\u00e9 par le prix argent de la meilleure interpr\u00e9tation th\u00e9matique pour les pavillons dans le district durabilit\u00e9.<\/p>\n\n\n\n<figure class=\"wp-block-image size-large\"><img loading=\"lazy\" width=\"640\" height=\"480\" src=\"https:\/\/i0.wp.com\/afalade.com\/wp-content\/uploads\/2022\/04\/277551181_276618044660441_1872900211654278463_n.jpg?resize=640%2C480\" alt=\"\" class=\"wp-image-1894\" srcset=\"https:\/\/i0.wp.com\/afalade.com\/wp-content\/uploads\/2022\/04\/277551181_276618044660441_1872900211654278463_n.jpg?resize=1024%2C768&amp;ssl=1 1024w, https:\/\/i0.wp.com\/afalade.com\/wp-content\/uploads\/2022\/04\/277551181_276618044660441_1872900211654278463_n.jpg?resize=300%2C225&amp;ssl=1 300w, https:\/\/i0.wp.com\/afalade.com\/wp-content\/uploads\/2022\/04\/277551181_276618044660441_1872900211654278463_n.jpg?resize=768%2C576&amp;ssl=1 768w, https:\/\/i0.wp.com\/afalade.com\/wp-content\/uploads\/2022\/04\/277551181_276618044660441_1872900211654278463_n.jpg?w=1280&amp;ssl=1 1280w\" sizes=\"(max-width: 640px) 100vw, 640px\" data-recalc-dims=\"1\" \/><\/figure>\n\n\n\n<p>\u00ab C&rsquo;est une fiert\u00e9 pour toute la Guin\u00e9e que notre pavillon national s\u2019est vu d\u00e9cern\u00e9 ce prix. Nous sommes reconnaissants au jury ind\u00e9pendant et au Bureau International des Expositions pour cette distinction et \u00e0 Expo 2020 Duba\u00ef et au Gouvernement des Emirats Arabes Unis de nous avoir mis \u00e0 disposition un cadre aussi propice pour pouvoir pr\u00e9senter notre pays au monde entier \u00bb a d\u00e9clar\u00e9 le Commissaire g\u00e9n\u00e9ral actuel M. Namory Camara. \u00ab Le fait d\u2019avoir gagn\u00e9 un prix pour notre traitement de la th\u00e9matique d\u00e9montre que la Guin\u00e9e est un pays qui a de nombreux atouts \u00e0 faire valoir pour assurer son d\u00e9veloppement socio-\u00e9conomique certain. A cet effet nous tenons \u00e0 remercier le Pr\u00e9sident de la Transition, le Colonel Mamadi Doumbouya, Monsieur le Premier Ministre, Mohamed B\u00e9avogui et tous les membres du gouvernement pour leur soutien infaillible et leur accompagnement tout au long de cette aventure. Nous sommes tr\u00e8s reconnaissants \u00e0 tous les contributeurs qui ont \u0153uvr\u00e9s, souvent dans l\u2019ombre, pour nous aider \u00e0 repr\u00e9senter dignement notre beau pays sur la sc\u00e8ne internationale. Avec plus de 200 000 visiteurs ressortissants de plus de 70 pays accueillis sur le pavillon en six mois, nous avons d\u00e9montr\u00e9 la forte attractivit\u00e9 de la Guin\u00e9e aupr\u00e8s d\u2019un large public. Forts de cette exp\u00e9rience, nous allons continuer \u00e0 \u0153uvrer pour assurer que notre pays puisse \u00eatre une destination privil\u00e9gi\u00e9e pour les investisseurs et les touristes.\u00bb <\/p>\n\n\n\n<figure class=\"wp-block-image size-full\"><img loading=\"lazy\" width=\"640\" height=\"303\" src=\"https:\/\/i1.wp.com\/afalade.com\/wp-content\/uploads\/2022\/04\/254028819_1249236202246203_8327820405797952822_n.jpg?resize=640%2C303\" alt=\"\" class=\"wp-image-1897\" srcset=\"https:\/\/i1.wp.com\/afalade.com\/wp-content\/uploads\/2022\/04\/254028819_1249236202246203_8327820405797952822_n.jpg?w=1008&amp;ssl=1 1008w, https:\/\/i1.wp.com\/afalade.com\/wp-content\/uploads\/2022\/04\/254028819_1249236202246203_8327820405797952822_n.jpg?resize=300%2C142&amp;ssl=1 300w, https:\/\/i1.wp.com\/afalade.com\/wp-content\/uploads\/2022\/04\/254028819_1249236202246203_8327820405797952822_n.jpg?resize=768%2C363&amp;ssl=1 768w\" sizes=\"(max-width: 640px) 100vw, 640px\" data-recalc-dims=\"1\" \/><\/figure>\n\n\n\n<p>D\u00e9cal\u00e9e d\u2019une ann\u00e9e pour cause de la pand\u00e9mie du COVID-19, l\u2019\u00e9dition 2020 de l\u2019Exposition universelle se tient \u00e0 Duba\u00ef (Emirats Arabes Unis) du 1er octobre 2021 au 31 mars 2022. Elle est la plus grande Expo \u00e0 date et regroupe plus de 190 pays participants sur un espace de 438 ha et a attir\u00e9 plus de 23 millions de visites sur les six mois. Depuis 2017 la R\u00e9publique de Guin\u00e9e \u00e0 travers le Commissariat g\u00e9n\u00e9ral de Guin\u00e9e Expo 2020 travaille diligemment pour pr\u00e9parer la participation du pays \u00e0 cette rencontre internationale.<\/p>\n\n\n\n<figure class=\"wp-block-image size-large is-resized\"><img loading=\"lazy\" src=\"https:\/\/i2.wp.com\/afalade.com\/wp-content\/uploads\/2022\/04\/277568229_276399948015584_2315757005355831363_n.jpg?resize=640%2C494\" alt=\"\" class=\"wp-image-1896\" width=\"640\" height=\"494\" srcset=\"https:\/\/i2.wp.com\/afalade.com\/wp-content\/uploads\/2022\/04\/277568229_276399948015584_2315757005355831363_n.jpg?resize=1024%2C791&amp;ssl=1 1024w, https:\/\/i2.wp.com\/afalade.com\/wp-content\/uploads\/2022\/04\/277568229_276399948015584_2315757005355831363_n.jpg?resize=300%2C232&amp;ssl=1 300w, https:\/\/i2.wp.com\/afalade.com\/wp-content\/uploads\/2022\/04\/277568229_276399948015584_2315757005355831363_n.jpg?resize=768%2C593&amp;ssl=1 768w, https:\/\/i2.wp.com\/afalade.com\/wp-content\/uploads\/2022\/04\/277568229_276399948015584_2315757005355831363_n.jpg?resize=1536%2C1187&amp;ssl=1 1536w, https:\/\/i2.wp.com\/afalade.com\/wp-content\/uploads\/2022\/04\/277568229_276399948015584_2315757005355831363_n.jpg?w=1650&amp;ssl=1 1650w, https:\/\/i2.wp.com\/afalade.com\/wp-content\/uploads\/2022\/04\/277568229_276399948015584_2315757005355831363_n.jpg?w=1280 1280w\" sizes=\"(max-width: 640px) 100vw, 640px\" data-recalc-dims=\"1\" \/><\/figure>\n\n\n\n<p><strong>Transmis par le Service Communication et relations publiques du Commissariat G\u00e9n\u00e9ral de Guin\u00e9e Expo 2020<\/strong><\/p>\n","protected":false},"excerpt":{"rendered":"<p>Duba\u00ef, Emirats Arabes Unis, le 31 mars 2022. C\u2019est la veille de la cl\u00f4ture d\u2019Expo<\/p>\n","protected":false},"author":5,"featured_media":1898,"comment_status":"closed","ping_status":"closed","sticky":false,"template":"","format":"standard","meta":{"_monsterinsights_skip_tracking":false,"_monsterinsights_sitenote_active":false,"_monsterinsights_sitenote_note":"","_monsterinsights_sitenote_category":0,"spay_email":""},"categories":[2,10,17],"tags":[1047,1189,968],"yoast_head":"<!-- This site is optimized with the Yoast SEO plugin v17.6 - https:\/\/yoast.com\/wordpress\/plugins\/seo\/ -->\n<title>Le pavillon de la Guin\u00e9e remporte le prix argent pour sa th\u00e9matique \u00e0 Expo 2020 Duba\u00ef - AFALADE<\/title>\n<meta name=\"robots\" content=\"index, follow, max-snippet:-1, max-image-preview:large, max-video-preview:-1\" \/>\n<link rel=\"canonical\" href=\"https:\/\/afalade.com\/?p=1893\" \/>\n<meta property=\"og:locale\" content=\"fr_FR\" \/>\n<meta property=\"og:type\" content=\"article\" \/>\n<meta property=\"og:title\" content=\"Le pavillon de la Guin\u00e9e remporte le prix argent pour sa th\u00e9matique \u00e0 Expo 2020 Duba\u00ef - AFALADE\" \/>\n<meta property=\"og:description\" content=\"Duba\u00ef, Emirats Arabes Unis, le 31 mars 2022. C\u2019est la veille de la cl\u00f4ture d\u2019Expo\" \/>\n<meta property=\"og:url\" content=\"https:\/\/afalade.com\/?p=1893\" \/>\n<meta property=\"og:site_name\" content=\"AFALADE\" \/>\n<meta property=\"article:published_time\" content=\"2022-04-02T15:36:02+00:00\" \/>\n<meta property=\"article:modified_time\" content=\"2022-04-02T15:36:05+00:00\" \/>\n<meta property=\"og:image\" content=\"https:\/\/i1.wp.com\/afalade.com\/wp-content\/uploads\/2022\/04\/277589613_276620054660240_7488130359317741112_n.jpg?fit=960%2C1280&#038;ssl=1\" \/>\n\t<meta property=\"og:image:width\" content=\"960\" \/>\n\t<meta property=\"og:image:height\" content=\"1280\" \/>\n<meta name=\"twitter:card\" content=\"summary_large_image\" \/>\n<meta name=\"twitter:label1\" content=\"\u00c9crit par\" \/>\n\t<meta name=\"twitter:data1\" content=\"mouna\" \/>\n\t<meta name=\"twitter:label2\" content=\"Dur\u00e9e de lecture estim\u00e9e\" \/>\n\t<meta name=\"twitter:data2\" content=\"5 minutes\" \/>\n<script type=\"application\/ld+json\" class=\"yoast-schema-graph\">{\"@context\":\"https:\/\/schema.org\",\"@graph\":[{\"@type\":\"WebSite\",\"@id\":\"https:\/\/afalade.com\/#website\",\"url\":\"https:\/\/afalade.com\/\",\"name\":\"AFALADE\",\"description\":\"ACTUALIT\\u00c9S MUSIQUE SPORT MODE LIFE &amp; STYLE\",\"potentialAction\":[{\"@type\":\"SearchAction\",\"target\":{\"@type\":\"EntryPoint\",\"urlTemplate\":\"https:\/\/afalade.com\/?s={search_term_string}\"},\"query-input\":\"required name=search_term_string\"}],\"inLanguage\":\"fr-FR\"},{\"@type\":\"ImageObject\",\"@id\":\"https:\/\/afalade.com\/?p=1893#primaryimage\",\"inLanguage\":\"fr-FR\",\"url\":\"https:\/\/i1.wp.com\/afalade.com\/wp-content\/uploads\/2022\/04\/277589613_276620054660240_7488130359317741112_n.jpg?fit=960%2C1280&ssl=1\",\"contentUrl\":\"https:\/\/i1.wp.com\/afalade.com\/wp-content\/uploads\/2022\/04\/277589613_276620054660240_7488130359317741112_n.jpg?fit=960%2C1280&ssl=1\",\"width\":960,\"height\":1280},{\"@type\":\"WebPage\",\"@id\":\"https:\/\/afalade.com\/?p=1893#webpage\",\"url\":\"https:\/\/afalade.com\/?p=1893\",\"name\":\"Le pavillon de la Guin\\u00e9e remporte le prix argent pour sa th\\u00e9matique \\u00e0 Expo 2020 Duba\\u00ef - AFALADE\",\"isPartOf\":{\"@id\":\"https:\/\/afalade.com\/#website\"},\"primaryImageOfPage\":{\"@id\":\"https:\/\/afalade.com\/?p=1893#primaryimage\"},\"datePublished\":\"2022-04-02T15:36:02+00:00\",\"dateModified\":\"2022-04-02T15:36:05+00:00\",\"author\":{\"@id\":\"https:\/\/afalade.com\/#\/schema\/person\/759fc73c5eff6f9c95afcb0ceac1f8df\"},\"breadcrumb\":{\"@id\":\"https:\/\/afalade.com\/?p=1893#breadcrumb\"},\"inLanguage\":\"fr-FR\",\"potentialAction\":[{\"@type\":\"ReadAction\",\"target\":[\"https:\/\/afalade.com\/?p=1893\"]}]},{\"@type\":\"BreadcrumbList\",\"@id\":\"https:\/\/afalade.com\/?p=1893#breadcrumb\",\"itemListElement\":[{\"@type\":\"ListItem\",\"position\":1,\"name\":\"Accueil\",\"item\":\"https:\/\/afalade.com\/\"},{\"@type\":\"ListItem\",\"position\":2,\"name\":\"Le pavillon de la Guin\\u00e9e remporte le prix argent pour sa th\\u00e9matique \\u00e0 Expo 2020 Duba\\u00ef\"}]},{\"@type\":\"Person\",\"@id\":\"https:\/\/afalade.com\/#\/schema\/person\/759fc73c5eff6f9c95afcb0ceac1f8df\",\"name\":\"mouna\",\"url\":\"https:\/\/afalade.com\/?author=5\"}]}<\/script>\n<!-- \/ Yoast SEO plugin. -->","yoast_head_json":{"title":"Le pavillon de la Guin\u00e9e remporte le prix argent pour sa th\u00e9matique \u00e0 Expo 2020 Duba\u00ef - AFALADE","robots":{"index":"index","follow":"follow","max-snippet":"max-snippet:-1","max-image-preview":"max-image-preview:large","max-video-preview":"max-video-preview:-1"},"canonical":"https:\/\/afalade.com\/?p=1893","og_locale":"fr_FR","og_type":"article","og_title":"Le pavillon de la Guin\u00e9e remporte le prix argent pour sa th\u00e9matique \u00e0 Expo 2020 Duba\u00ef - AFALADE","og_description":"Duba\u00ef, Emirats Arabes Unis, le 31 mars 2022. C\u2019est la veille de la cl\u00f4ture d\u2019Expo","og_url":"https:\/\/afalade.com\/?p=1893","og_site_name":"AFALADE","article_published_time":"2022-04-02T15:36:02+00:00","article_modified_time":"2022-04-02T15:36:05+00:00","og_image":[{"width":960,"height":1280,"url":"https:\/\/i1.wp.com\/afalade.com\/wp-content\/uploads\/2022\/04\/277589613_276620054660240_7488130359317741112_n.jpg?fit=960%2C1280&ssl=1","type":"image\/jpeg"}],"twitter_card":"summary_large_image","twitter_misc":{"\u00c9crit par":"mouna","Dur\u00e9e de lecture estim\u00e9e":"5 minutes"},"schema":{"@context":"https:\/\/schema.org","@graph":[{"@type":"WebSite","@id":"https:\/\/afalade.com\/#website","url":"https:\/\/afalade.com\/","name":"AFALADE","description":"ACTUALIT\u00c9S MUSIQUE SPORT MODE LIFE &amp; STYLE","potentialAction":[{"@type":"SearchAction","target":{"@type":"EntryPoint","urlTemplate":"https:\/\/afalade.com\/?s={search_term_string}"},"query-input":"required name=search_term_string"}],"inLanguage":"fr-FR"},{"@type":"ImageObject","@id":"https:\/\/afalade.com\/?p=1893#primaryimage","inLanguage":"fr-FR","url":"https:\/\/i1.wp.com\/afalade.com\/wp-content\/uploads\/2022\/04\/277589613_276620054660240_7488130359317741112_n.jpg?fit=960%2C1280&ssl=1","contentUrl":"https:\/\/i1.wp.com\/afalade.com\/wp-content\/uploads\/2022\/04\/277589613_276620054660240_7488130359317741112_n.jpg?fit=960%2C1280&ssl=1","width":960,"height":1280},{"@type":"WebPage","@id":"https:\/\/afalade.com\/?p=1893#webpage","url":"https:\/\/afalade.com\/?p=1893","name":"Le pavillon de la Guin\u00e9e remporte le prix argent pour sa th\u00e9matique \u00e0 Expo 2020 Duba\u00ef - AFALADE","isPartOf":{"@id":"https:\/\/afalade.com\/#website"},"primaryImageOfPage":{"@id":"https:\/\/afalade.com\/?p=1893#primaryimage"},"datePublished":"2022-04-02T15:36:02+00:00","dateModified":"2022-04-02T15:36:05+00:00","author":{"@id":"https:\/\/afalade.com\/#\/schema\/person\/759fc73c5eff6f9c95afcb0ceac1f8df"},"breadcrumb":{"@id":"https:\/\/afalade.com\/?p=1893#breadcrumb"},"inLanguage":"fr-FR","potentialAction":[{"@type":"ReadAction","target":["https:\/\/afalade.com\/?p=1893"]}]},{"@type":"BreadcrumbList","@id":"https:\/\/afalade.com\/?p=1893#breadcrumb","itemListElement":[{"@type":"ListItem","position":1,"name":"Accueil","item":"https:\/\/afalade.com\/"},{"@type":"ListItem","position":2,"name":"Le pavillon de la Guin\u00e9e remporte le prix argent pour sa th\u00e9matique \u00e0 Expo 2020 Duba\u00ef"}]},{"@type":"Person","@id":"https:\/\/afalade.com\/#\/schema\/person\/759fc73c5eff6f9c95afcb0ceac1f8df","name":"mouna","url":"https:\/\/afalade.com\/?author=5"}]}},"jetpack_featured_media_url":"https:\/\/i1.wp.com\/afalade.com\/wp-content\/uploads\/2022\/04\/277589613_276620054660240_7488130359317741112_n.jpg?fit=960%2C1280&ssl=1","featured_image_urls":{"full":["https:\/\/i1.wp.com\/afalade.com\/wp-content\/uploads\/2022\/04\/277589613_276620054660240_7488130359317741112_n.jpg?fit=960%2C1280&ssl=1",960,1280,false],"thumbnail":["https:\/\/i1.wp.com\/afalade.com\/wp-content\/uploads\/2022\/04\/277589613_276620054660240_7488130359317741112_n.jpg?resize=150%2C150&ssl=1",150,150,true],"medium":["https:\/\/i1.wp.com\/afalade.com\/wp-content\/uploads\/2022\/04\/277589613_276620054660240_7488130359317741112_n.jpg?fit=225%2C300&ssl=1",225,300,true],"medium_large":["https:\/\/i1.wp.com\/afalade.com\/wp-content\/uploads\/2022\/04\/277589613_276620054660240_7488130359317741112_n.jpg?fit=640%2C853&ssl=1",640,853,true],"large":["https:\/\/i1.wp.com\/afalade.com\/wp-content\/uploads\/2022\/04\/277589613_276620054660240_7488130359317741112_n.jpg?fit=640%2C853&ssl=1",640,853,true],"1536x1536":["https:\/\/i1.wp.com\/afalade.com\/wp-content\/uploads\/2022\/04\/277589613_276620054660240_7488130359317741112_n.jpg?fit=960%2C1280&ssl=1",960,1280,true],"2048x2048":["https:\/\/i1.wp.com\/afalade.com\/wp-content\/uploads\/2022\/04\/277589613_276620054660240_7488130359317741112_n.jpg?fit=960%2C1280&ssl=1",960,1280,true],"magazine-7-slider-full":["https:\/\/i1.wp.com\/afalade.com\/wp-content\/uploads\/2022\/04\/277589613_276620054660240_7488130359317741112_n.jpg?resize=960%2C1020&ssl=1",960,1020,true],"magazine-7-slider-center":["https:\/\/i1.wp.com\/afalade.com\/wp-content\/uploads\/2022\/04\/277589613_276620054660240_7488130359317741112_n.jpg?resize=936%2C897&ssl=1",936,897,true],"magazine-7-featured":["https:\/\/i1.wp.com\/afalade.com\/wp-content\/uploads\/2022\/04\/277589613_276620054660240_7488130359317741112_n.jpg?fit=960%2C1280&ssl=1",960,1280,true],"magazine-7-medium":["https:\/\/i1.wp.com\/afalade.com\/wp-content\/uploads\/2022\/04\/277589613_276620054660240_7488130359317741112_n.jpg?resize=720%2C380&ssl=1",720,380,true],"magazine-7-medium-square":["https:\/\/i1.wp.com\/afalade.com\/wp-content\/uploads\/2022\/04\/277589613_276620054660240_7488130359317741112_n.jpg?resize=675%2C450&ssl=1",675,450,true]},"author_info":{"display_name":"mouna","author_link":"https:\/\/afalade.com\/?author=5"},"category_info":"<a href=\"https:\/\/afalade.com\/?cat=2\" rel=\"category\">Actualit\u00e9s<\/a> <a href=\"https:\/\/afalade.com\/?cat=10\" rel=\"category\">ARTS<\/a> <a href=\"https:\/\/afalade.com\/?cat=17\" rel=\"category\">MODE ET TENDANCE<\/a>","tag_info":"MODE ET TENDANCE","comment_count":"0","jetpack-related-posts":[{"id":1705,"url":"https:\/\/afalade.com\/?p=1705","url_meta":{"origin":1893,"position":0},"title":"Le couple azayabintou s\u2019envole pour Duba\u00ef","date":"10 f\u00e9vrier 2022","format":false,"excerpt":"L\u2019annonce a \u00e9t\u00e9 faite sur la page facebook de AZAYA. Avec quelques images, la superstar en compagnie de son \u00e9quipe et de son \u00e9pouse partent \u00e0 Duba\u00ef\u00a0 au compte de Guin\u00e9e Expo 2020. Invit\u00e9s en tant qu'ambassadeurs, ils vont c\u00e9l\u00e9brer culturellement la Guin\u00e9e. Retrouvez Djelikaba Bintou, Azaya et Spaike les\u2026","rel":"","context":"Dans &quot;Actualit\u00e9s&quot;","img":{"alt_text":"","src":"https:\/\/i1.wp.com\/afalade.com\/wp-content\/uploads\/2022\/02\/260002751_450347589826028_7085130121481491818_n.jpg?fit=1200%2C799&ssl=1&resize=350%2C200","width":350,"height":200},"classes":[]},{"id":1900,"url":"https:\/\/afalade.com\/?p=1900","url_meta":{"origin":1893,"position":1},"title":"Salon mondial du tourisme de Paris : La Guin\u00e9e \u00e9tait au rendez-vous cette ann\u00e9e","date":"2 avril 2022","format":false,"excerpt":"Le Salon Mondial du Tourisme, s\u2019est tenu du 17 au 20 mars dernier \u00e0 Paris-Expo Porte de Versailles. La rencontre touristique a accueilli en quatre jours 250 exposants sur 9 000 m\u00b2 d\u2019exposition et 70 500 visites. La Guin\u00e9e \u00e9tait repr\u00e9sent\u00e9e \u00e0 cet \u00e9v\u00e8nement par le ministre de la Culture\u2026","rel":"","context":"Dans &quot;Actualit\u00e9s&quot;","img":{"alt_text":"","src":"https:\/\/i0.wp.com\/afalade.com\/wp-content\/uploads\/2022\/04\/Alpha_Soumah.jpg?fit=792%2C427&ssl=1&resize=350%2C200","width":350,"height":200},"classes":[]},{"id":1570,"url":"https:\/\/afalade.com\/?p=1570","url_meta":{"origin":1893,"position":2},"title":"African Entertainment Awards USA (AEAUSA) : La Guin\u00e9e se distingue via le couple Bangoura","date":"28 d\u00e9cembre 2021","format":false,"excerpt":"La musique est un art qui se d\u00e9veloppe depuis plusieurs ann\u00e9es en Guin\u00e9e. Le talent de nos artistes est reconnu dans le monde entier. La jeune g\u00e9n\u00e9ration d\u2019artistes emboite le pas. Cette ann\u00e9e par exemple, plusieurs ont \u00e9t\u00e9 r\u00e9compens\u00e9s \u00e0 l\u2019international. Cette semaine, le couple Bangoura a remport\u00e9 trois prix\u2026","rel":"","context":"Dans &quot;Actualit\u00e9s&quot;","img":{"alt_text":"","src":"https:\/\/i2.wp.com\/afalade.com\/wp-content\/uploads\/2021\/12\/245386124_422427939230846_8725753170092708456_n.jpg?fit=900%2C1200&ssl=1&resize=350%2C200","width":350,"height":200},"classes":[]},{"id":2052,"url":"https:\/\/afalade.com\/?p=2052","url_meta":{"origin":1893,"position":3},"title":"Festival des \u00eeles de Loos : Soro accueille les premiers festivaliers du 27 au 29 mai 2022","date":"18 mai 2022","format":false,"excerpt":"Un habitu\u00e9 de grands \u00e9v\u00e8nements culturels d\u00e9cide d\u2019orienter son expertise vers le tourisme afin de mettre en exergue les \u00eeles de Guin\u00e9e. Il est \u00e0 la t\u00eate du d\u00e9sormais festival des \u00eeles de loos \u2018\u2019 un groupe d'\u00eeles situ\u00e9es au large de Conakry en Guin\u00e9e.\u2019\u2019 Alice Dore est entrepreneur culturel,\u2026","rel":"","context":"Dans &quot;Actualit\u00e9s&quot;","img":{"alt_text":"","src":"https:\/\/i1.wp.com\/afalade.com\/wp-content\/uploads\/2022\/05\/280488658_1065040480791368_1171467534646238344_n.jpg?fit=625%2C509&ssl=1&resize=350%2C200","width":350,"height":200},"classes":[]},{"id":1877,"url":"https:\/\/afalade.com\/?p=1877","url_meta":{"origin":1893,"position":4},"title":"Festival Lassiry Graffiti : L\u2019art s\u2019exprime dans sa splendeur du 18 au 26 mars 2022 \u00e0 Conakry","date":"21 mars 2022","format":false,"excerpt":"Guin\u00e9e challenge a \u00e9t\u00e9 cr\u00e9\u00e9 en 2013 par Mamadou Adama Bah alias Prince\u2019co ou copain. Apr\u00e8s sa mort, paix \u00e0 son \u00e2me, ses amis et collaborateurs continuent de travailler pour faire vivre le projet. Guin\u00e9e challenge fait na\u00eetre le festival Lassiry Graffiti. Un festival \u00e0 40% graffiti et \u00e0 60%\u2026","rel":"","context":"Dans &quot;Actualit\u00e9s&quot;","img":{"alt_text":"","src":"https:\/\/i2.wp.com\/afalade.com\/wp-content\/uploads\/2022\/03\/276300799_1003406593587963_4044549420188181314_n-1.jpg?fit=1200%2C900&ssl=1&resize=350%2C200","width":350,"height":200},"classes":[]},{"id":1506,"url":"https:\/\/afalade.com\/?p=1506","url_meta":{"origin":1893,"position":5},"title":"Prix des jeunes \u00e9critures RFI-AUF 2021 : S\u00e9kou Oumar Sylla sort victorieux","date":"3 d\u00e9cembre 2021","format":false,"excerpt":"L\u2019auteur d\u00e9die son Prix \u00e0 la Guin\u00e9e et \u00e0 l\u2019Afrique toute enti\u00e8re\u00a0! Dans ce concours pour le Prix des jeunes \u00e9critures RFI-AUF 2021, il y avait seulement deux Prix. Mon texte l\u2019art de la vie et de la r\u00e9ussite a r\u00e9colt\u00e9 \u2026 A quelques heures de la grande nouvelle de\u2026","rel":"","context":"Dans &quot;Actualit\u00e9s&quot;","img":{"alt_text":"","src":"https:\/\/i0.wp.com\/afalade.com\/wp-content\/uploads\/2021\/12\/250841746_3082252072019145_4413979873337147639_n.jpg?fit=800%2C533&ssl=1&resize=350%2C200","width":350,"height":200},"classes":[]}],"_links":{"self":[{"href":"https:\/\/afalade.com\/index.php?rest_route=\/wp\/v2\/posts\/1893"}],"collection":[{"href":"https:\/\/afalade.com\/index.php?rest_route=\/wp\/v2\/posts"}],"about":[{"href":"https:\/\/afalade.com\/index.php?rest_route=\/wp\/v2\/types\/post"}],"author":[{"embeddable":true,"href":"https:\/\/afalade.com\/index.php?rest_route=\/wp\/v2\/users\/5"}],"replies":[{"embeddable":true,"href":"https:\/\/afalade.com\/index.php?rest_route=%2Fwp%2Fv2%2Fcomments&post=1893"}],"version-history":[{"count":1,"href":"https:\/\/afalade.com\/index.php?rest_route=\/wp\/v2\/posts\/1893\/revisions"}],"predecessor-version":[{"id":1899,"href":"https:\/\/afalade.com\/index.php?rest_route=\/wp\/v2\/posts\/1893\/revisions\/1899"}],"wp:featuredmedia":[{"embeddable":true,"href":"https:\/\/afalade.com\/index.php?rest_route=\/wp\/v2\/media\/1898"}],"wp:attachment":[{"href":"https:\/\/afalade.com\/index.php?rest_route=%2Fwp%2Fv2%2Fmedia&parent=1893"}],"wp:term":[{"taxonomy":"category","embeddable":true,"href":"https:\/\/afalade.com\/index.php?rest_route=%2Fwp%2Fv2%2Fcategories&post=1893"},{"taxonomy":"post_tag","embeddable":true,"href":"https:\/\/afalade.com\/index.php?rest_route=%2Fwp%2Fv2%2Ftags&post=1893"}],"curies":[{"name":"wp","href":"https:\/\/api.w.org\/{rel}","templated":true}]}}