{"id":1857,"date":"2022-03-12T18:50:56","date_gmt":"2022-03-12T17:50:56","guid":{"rendered":"http:\/\/afalade.com\/?p=1857"},"modified":"2022-03-12T18:50:58","modified_gmt":"2022-03-12T17:50:58","slug":"sadjo-tounkara-un-jeune-inspirant-a-la-tete-du-tedxbambeto-interview","status":"publish","type":"post","link":"https:\/\/afalade.com\/?p=1857","title":{"rendered":"Sadjo TOUNKARA : Un jeune inspirant \u00e0 la t\u00eate du TEDxBambeto (Interview)"},"content":{"rendered":"\n<p>Notre invit\u00e9 est inspirant, ambitieux et visionnaire. Il est \u00e9crivain, coach professionnel certifi\u00e9, concepteur du jeu \u00e9ducatif LE KARAMOKOEIN et Organisateur du TEDxBambeto. Sadjo TOUNKARA est un jeune guin\u00e9en. Titulaire d\u2019une ma\u00eetrise en diplomatie, c\u2019est le fondateur de SUPCOACHING.<\/p>\n\n\n\n<p>Passionn\u00e9 par l\u2019humain et les questions li\u00e9es \u00e0 l\u2019apprentissage, il intervient dans l\u2019accompagnement scolaire, universitaire et professionnel. \u00c0 travers son cabinet Supcoaching, Sadjo r\u00e9pond aux besoins des jeunes en difficult\u00e9s scolaires ou voulant am\u00e9liorer leurs m\u00e9thodes d\u2019apprentissage du primaire \u00e0 l\u2019universit\u00e9. Il accompagne \u00e9galement des professionnels sur des outils d\u2019efficacit\u00e9 professionnelle telles que la d\u00e9couverte de soi, la planification, la r\u00e9daction de projets, la gestion du temps, l\u2019organisation ainsi que la gestion des priorit\u00e9s. Il r\u00e9pond \u00e0 nos questions.<\/p>\n\n\n\n<p><strong>En quoi consiste TEDx, expliquez-nous le concept et il a \u00e9t\u00e9 cr\u00e9\u00e9 quand ?<\/strong><\/p>\n\n\n\n<p><em>Fond\u00e9 en 1984 aux Etats-Unis par Richard Saul Wurman et Henry Marques, consacr\u00e9 \u00e0 la puissance des id\u00e9es pour changer le monde, TED est un \u00e9v\u00e9nement annuel qui rassemble les plus grands penseurs et acteurs du monde pour partager des id\u00e9es qui comptent dans diverses disciplines.<\/em><\/p>\n\n\n\n<p><em>Dans l&rsquo;esprit des \u00ab id\u00e9es qui valent la peine d&rsquo;\u00eatre diffus\u00e9es \u00bb, TED a cr\u00e9\u00e9 TEDx, un programme d&rsquo;\u00e9v\u00e9nements locaux et auto-organis\u00e9s qui rassemblent les gens pour partager une exp\u00e9rience de type TED. Par an, c\u2019est plus de 3.000 \u00e9v\u00e9nements TEDx qui s\u2019organisent \u00e0 travers le monde. &nbsp;Les \u00e9v\u00e8nements TEDx ont d\u00e9j\u00e0 chang\u00e9 la vie de millions de personnes \u00e0 travers le monde, les a fa\u00e7onn\u00e9s et outill\u00e9s pour affronter le nouveau monde que nous nous appr\u00eatons \u00e0 affronter. Ces personnes, aujourd\u2019hui, ont compris qu\u2019il ne leur faut rien d\u2019autre que des id\u00e9es pour changer le monde. C\u2019est le lieu pour nous, acteurs de ce pays, de prendre conscience, non pas de notre retard mais des possibilit\u00e9s que nous avons pour am\u00e9liorer nos conditions de vies, si on mise sur nos cerveaux, la puissance de nos id\u00e9es.<\/em><\/p>\n\n\n\n<p><strong>Pourquoi le choix du nom de TEDxBambeto&nbsp;?<\/strong><\/p>\n\n\n\n<p><em>Alors, Bambeto est g\u00e9n\u00e9ralement connu sous l\u2019angle politique, quand on parle de Bambeto, les gens pensent g\u00e9n\u00e9ralement aux violences, aux tueries, aux manifestations politiques et la plupart des articles de presses disponibles sur internet ne d\u00e9crivent que des crises politiques en parlant de Bambeto etc\u2026 De ce constat, mon \u00e9quipe et moi avons voulu associ\u00e9 Bambeto \u00e0 quelque chose de GRAND, de DIFFERENT, et SURTOUT \u00e0 une communaut\u00e9 internationale dont la vocation premi\u00e8re est de diffuser des id\u00e9es qui changent le monde.<\/em><\/p>\n\n\n\n<p><strong>Quel sont vos objectifs et visons avec TEDxBambeto&nbsp;?<\/strong><\/p>\n\n\n\n<p><em>TEDxBambeto se veut \u00eatre le rendez-vous incontournable de partage d\u2019id\u00e9es. Notre objectif est de rassembler des esprits brillants pour animer des conf\u00e9rences ax\u00e9es sur des id\u00e9es innovatrices et sur un large \u00e9ventail de sujets afin de favoriser l&rsquo;apprentissage, l&rsquo;inspiration, et de susciter la r\u00e9flexion pour CONSTRUIRE L\u2019AVENIR EN MIEUX.<\/em><\/p>\n\n\n\n<p><em>C\u2019est pourquoi nous nous sommes donn\u00e9s comme mission de&nbsp;:<\/em><\/p>\n\n\n\n<ul><li><em>Promouvoir l\u2019esprit du TEDx (la puissance des id\u00e9es pour changer le monde) en Guin\u00e9e afin d\u2019inciter les communaut\u00e9s \u00e0 devenir des acteurs du changement.<\/em><\/li><li><em>Rassembler les plus grands penseurs et acteurs du pays pour partager des id\u00e9es qui comptent dans toutes les disciplines&nbsp;: litt\u00e9rature, technologie, divertissement, design, sciences, sciences humaines, commerce, leadership, l\u2019entrepreneuriat etc\u2026<\/em><\/li><li><em>Favoriser la collaboration entre les experts de divers domaines, des dirigeants, acteurs du changement et les autres parties prenantes avec la communaut\u00e9 TED dans le monde.<\/em><\/li><li><em>Offrir un espace de discussion et de collaboration autour des id\u00e9es qui changent le monde.<\/em><\/li><\/ul>\n\n\n\n<p><strong>L&rsquo;int\u00e9rieur du pays est dans le programme de TEDx?<\/strong><\/p>\n\n\n\n<p><em>Oui, toutes les villes peuvent avoir des TEDx. Le programme TEDx se fait \u00e0 partir d\u2019une licence octroy\u00e9e par l\u2019organisation internationale TED depuis les ETATS-UNIS. Mais pour le moment je ne crois pas si un TEDx est pr\u00e9vu \u00e0 l\u2019int\u00e9rieur du pays.<\/em><\/p>\n\n\n\n<p><strong>Est-ce que vous rencontrez des difficult\u00e9s au sein du domaine dans lequel vous \u00e9voluez ? Si oui lesquelles et comment vous faites pour les surmonter ?<\/strong><\/p>\n\n\n\n<p>&nbsp;<em>Comme toute activit\u00e9 professionnelle, le secteur du coaching ne demeure pas sans difficult\u00e9.<\/em><\/p>\n\n\n\n<p><em>L\u2019absence de r\u00e9glementation du secteur du coaching dans notre pays fait que c\u2019est tr\u00e8s difficile de b\u00e2tir une v\u00e9ritable carri\u00e8re dans ce domaine pr\u00e9sentement.&nbsp; Cela renvoie \u00e0 ce que le grand Coach am\u00e9ricain STEVE CHANDLER disait dans son livre \u00ab&nbsp;profession Coach&nbsp;\u00bb que <strong>\u2018\u2019le coaching est difficile parce qu\u2019il est tr\u00e8s facile d\u2019\u00eatre coach mais tr\u00e8s difficile de r\u00e9ussir dans le coaching\u2019\u2019<\/strong>. Je surmonte ces difficult\u00e9s par l\u2019effort constant que je fais pour \u00eatre authentique et professionnel dans ce que je fais. Vous savez l\u2019authenticit\u00e9 engendre la l\u00e9gitimit\u00e9. Plus on est l\u00e9gitime, plus on nous fait confiance. Et plus les gens croient en nous, plus ils souscrivent \u00e0 nos services.<\/em><\/p>\n\n\n\n<p><strong>Que pensez-vous de l\u2019entreprenariat et quels sont vos conseils (aux jeunes \u00e9tudiants ou entrepreneurs) sur comment g\u00e9rer la vie professionnelle&nbsp;?<\/strong><\/p>\n\n\n\n<p><em>Je pense qu\u2019\u00eatre entrepreneur c\u2019est avoir la mentalit\u00e9 d\u2019un orpailleur c\u2019est-\u00e0-dire savoir qu\u2019il y a de l\u2019or au fond d\u2019un trou et creuser tous les jours sans savoir quand on le trouvera. Cette attitude est \u00e0 la fois paradoxale et enthousiasmant mais elle rime aussi avec de la pers\u00e9v\u00e9rance, de la discipline, de la patience et surtout de l\u2019espoir. Comme disait une Entrepreneure fran\u00e7aise <strong>\u00ab&nbsp;en entrepreneuriat on sait quand on d\u00e9cide d\u2019\u00eatre entrepreneur mais on ne sait pas vraiment quand on va le devenir&nbsp;\u00bb. <\/strong>Mes conseils pour les jeunes ou entrepreneurs concernant la gestion de leur vie professionnelle serait d\u2019accepter d\u2019apprendre aupr\u00e8s de ceux qui savent mieux qu\u2019eux dans leurs domaines respectifs. On \u00e9volue mieux et efficacement dans un secteur en s\u2019inspirant de ceux qui ont d\u00e9j\u00e0 r\u00e9ussi dans celui-ci.<\/em><\/p>\n\n\n\n<p><strong>Que voulez-vous dire pour terminer cet entretien ?<\/strong><\/p>\n\n\n\n<p><em>Pour terminer cet entretien, je voudrais rappeler tout simplement que nous vivons dans un si\u00e8cle extraordinaire et fascinant ou chacun peut tirer son \u00e9pingle du jeu en misant sur son cerveau. Alors changeons le monde dans l\u2019humilit\u00e9. Merci pour cet entretien et \u00e0 tr\u00e8s bient\u00f4t&nbsp;!<\/em><\/p>\n\n\n\n<p><strong>La R\u00e9daction<\/strong><\/p>\n","protected":false},"excerpt":{"rendered":"<p>Notre invit\u00e9 est inspirant, ambitieux et visionnaire. Il est \u00e9crivain, coach professionnel certifi\u00e9, concepteur du<\/p>\n","protected":false},"author":5,"featured_media":1858,"comment_status":"closed","ping_status":"closed","sticky":false,"template":"","format":"standard","meta":{"_monsterinsights_skip_tracking":false,"_monsterinsights_sitenote_active":false,"_monsterinsights_sitenote_note":"","_monsterinsights_sitenote_category":0,"spay_email":""},"categories":[2,14],"tags":[968,1180,1179],"yoast_head":"<!-- This site is optimized with the Yoast SEO plugin v17.6 - https:\/\/yoast.com\/wordpress\/plugins\/seo\/ -->\n<title>Sadjo TOUNKARA : Un jeune inspirant \u00e0 la t\u00eate du TEDxBambeto (Interview) - AFALADE<\/title>\n<meta name=\"robots\" content=\"index, follow, max-snippet:-1, max-image-preview:large, max-video-preview:-1\" \/>\n<link rel=\"canonical\" href=\"https:\/\/afalade.com\/?p=1857\" \/>\n<meta property=\"og:locale\" content=\"fr_FR\" \/>\n<meta property=\"og:type\" content=\"article\" \/>\n<meta property=\"og:title\" content=\"Sadjo TOUNKARA : Un jeune inspirant \u00e0 la t\u00eate du TEDxBambeto (Interview) - AFALADE\" \/>\n<meta property=\"og:description\" content=\"Notre invit\u00e9 est inspirant, ambitieux et visionnaire. Il est \u00e9crivain, coach professionnel certifi\u00e9, concepteur du\" \/>\n<meta property=\"og:url\" content=\"https:\/\/afalade.com\/?p=1857\" \/>\n<meta property=\"og:site_name\" content=\"AFALADE\" \/>\n<meta property=\"article:published_time\" content=\"2022-03-12T17:50:56+00:00\" \/>\n<meta property=\"article:modified_time\" content=\"2022-03-12T17:50:58+00:00\" \/>\n<meta property=\"og:image\" content=\"https:\/\/i0.wp.com\/afalade.com\/wp-content\/uploads\/2022\/03\/274814152_1913812162153899_9174164338889531749_n.jpg?fit=960%2C951&#038;ssl=1\" \/>\n\t<meta property=\"og:image:width\" content=\"960\" \/>\n\t<meta property=\"og:image:height\" content=\"951\" \/>\n<meta name=\"twitter:card\" content=\"summary_large_image\" \/>\n<meta name=\"twitter:label1\" content=\"\u00c9crit par\" \/>\n\t<meta name=\"twitter:data1\" content=\"mouna\" \/>\n\t<meta name=\"twitter:label2\" content=\"Dur\u00e9e de lecture estim\u00e9e\" \/>\n\t<meta name=\"twitter:data2\" content=\"5 minutes\" \/>\n<script type=\"application\/ld+json\" class=\"yoast-schema-graph\">{\"@context\":\"https:\/\/schema.org\",\"@graph\":[{\"@type\":\"WebSite\",\"@id\":\"https:\/\/afalade.com\/#website\",\"url\":\"https:\/\/afalade.com\/\",\"name\":\"AFALADE\",\"description\":\"ACTUALIT\\u00c9S MUSIQUE SPORT MODE LIFE &amp; STYLE\",\"potentialAction\":[{\"@type\":\"SearchAction\",\"target\":{\"@type\":\"EntryPoint\",\"urlTemplate\":\"https:\/\/afalade.com\/?s={search_term_string}\"},\"query-input\":\"required name=search_term_string\"}],\"inLanguage\":\"fr-FR\"},{\"@type\":\"ImageObject\",\"@id\":\"https:\/\/afalade.com\/?p=1857#primaryimage\",\"inLanguage\":\"fr-FR\",\"url\":\"https:\/\/i0.wp.com\/afalade.com\/wp-content\/uploads\/2022\/03\/274814152_1913812162153899_9174164338889531749_n.jpg?fit=960%2C951&ssl=1\",\"contentUrl\":\"https:\/\/i0.wp.com\/afalade.com\/wp-content\/uploads\/2022\/03\/274814152_1913812162153899_9174164338889531749_n.jpg?fit=960%2C951&ssl=1\",\"width\":960,\"height\":951,\"caption\":\"Sadjo TOUNKARA\"},{\"@type\":\"WebPage\",\"@id\":\"https:\/\/afalade.com\/?p=1857#webpage\",\"url\":\"https:\/\/afalade.com\/?p=1857\",\"name\":\"Sadjo TOUNKARA : Un jeune inspirant \\u00e0 la t\\u00eate du TEDxBambeto (Interview) - AFALADE\",\"isPartOf\":{\"@id\":\"https:\/\/afalade.com\/#website\"},\"primaryImageOfPage\":{\"@id\":\"https:\/\/afalade.com\/?p=1857#primaryimage\"},\"datePublished\":\"2022-03-12T17:50:56+00:00\",\"dateModified\":\"2022-03-12T17:50:58+00:00\",\"author\":{\"@id\":\"https:\/\/afalade.com\/#\/schema\/person\/759fc73c5eff6f9c95afcb0ceac1f8df\"},\"breadcrumb\":{\"@id\":\"https:\/\/afalade.com\/?p=1857#breadcrumb\"},\"inLanguage\":\"fr-FR\",\"potentialAction\":[{\"@type\":\"ReadAction\",\"target\":[\"https:\/\/afalade.com\/?p=1857\"]}]},{\"@type\":\"BreadcrumbList\",\"@id\":\"https:\/\/afalade.com\/?p=1857#breadcrumb\",\"itemListElement\":[{\"@type\":\"ListItem\",\"position\":1,\"name\":\"Accueil\",\"item\":\"https:\/\/afalade.com\/\"},{\"@type\":\"ListItem\",\"position\":2,\"name\":\"Sadjo TOUNKARA : Un jeune inspirant \\u00e0 la t\\u00eate du TEDxBambeto (Interview)\"}]},{\"@type\":\"Person\",\"@id\":\"https:\/\/afalade.com\/#\/schema\/person\/759fc73c5eff6f9c95afcb0ceac1f8df\",\"name\":\"mouna\",\"url\":\"https:\/\/afalade.com\/?author=5\"}]}<\/script>\n<!-- \/ Yoast SEO plugin. -->","yoast_head_json":{"title":"Sadjo TOUNKARA : Un jeune inspirant \u00e0 la t\u00eate du TEDxBambeto (Interview) - AFALADE","robots":{"index":"index","follow":"follow","max-snippet":"max-snippet:-1","max-image-preview":"max-image-preview:large","max-video-preview":"max-video-preview:-1"},"canonical":"https:\/\/afalade.com\/?p=1857","og_locale":"fr_FR","og_type":"article","og_title":"Sadjo TOUNKARA : Un jeune inspirant \u00e0 la t\u00eate du TEDxBambeto (Interview) - AFALADE","og_description":"Notre invit\u00e9 est inspirant, ambitieux et visionnaire. Il est \u00e9crivain, coach professionnel certifi\u00e9, concepteur du","og_url":"https:\/\/afalade.com\/?p=1857","og_site_name":"AFALADE","article_published_time":"2022-03-12T17:50:56+00:00","article_modified_time":"2022-03-12T17:50:58+00:00","og_image":[{"width":960,"height":951,"url":"https:\/\/i0.wp.com\/afalade.com\/wp-content\/uploads\/2022\/03\/274814152_1913812162153899_9174164338889531749_n.jpg?fit=960%2C951&ssl=1","type":"image\/jpeg"}],"twitter_card":"summary_large_image","twitter_misc":{"\u00c9crit par":"mouna","Dur\u00e9e de lecture estim\u00e9e":"5 minutes"},"schema":{"@context":"https:\/\/schema.org","@graph":[{"@type":"WebSite","@id":"https:\/\/afalade.com\/#website","url":"https:\/\/afalade.com\/","name":"AFALADE","description":"ACTUALIT\u00c9S MUSIQUE SPORT MODE LIFE &amp; STYLE","potentialAction":[{"@type":"SearchAction","target":{"@type":"EntryPoint","urlTemplate":"https:\/\/afalade.com\/?s={search_term_string}"},"query-input":"required name=search_term_string"}],"inLanguage":"fr-FR"},{"@type":"ImageObject","@id":"https:\/\/afalade.com\/?p=1857#primaryimage","inLanguage":"fr-FR","url":"https:\/\/i0.wp.com\/afalade.com\/wp-content\/uploads\/2022\/03\/274814152_1913812162153899_9174164338889531749_n.jpg?fit=960%2C951&ssl=1","contentUrl":"https:\/\/i0.wp.com\/afalade.com\/wp-content\/uploads\/2022\/03\/274814152_1913812162153899_9174164338889531749_n.jpg?fit=960%2C951&ssl=1","width":960,"height":951,"caption":"Sadjo TOUNKARA"},{"@type":"WebPage","@id":"https:\/\/afalade.com\/?p=1857#webpage","url":"https:\/\/afalade.com\/?p=1857","name":"Sadjo TOUNKARA : Un jeune inspirant \u00e0 la t\u00eate du TEDxBambeto (Interview) - AFALADE","isPartOf":{"@id":"https:\/\/afalade.com\/#website"},"primaryImageOfPage":{"@id":"https:\/\/afalade.com\/?p=1857#primaryimage"},"datePublished":"2022-03-12T17:50:56+00:00","dateModified":"2022-03-12T17:50:58+00:00","author":{"@id":"https:\/\/afalade.com\/#\/schema\/person\/759fc73c5eff6f9c95afcb0ceac1f8df"},"breadcrumb":{"@id":"https:\/\/afalade.com\/?p=1857#breadcrumb"},"inLanguage":"fr-FR","potentialAction":[{"@type":"ReadAction","target":["https:\/\/afalade.com\/?p=1857"]}]},{"@type":"BreadcrumbList","@id":"https:\/\/afalade.com\/?p=1857#breadcrumb","itemListElement":[{"@type":"ListItem","position":1,"name":"Accueil","item":"https:\/\/afalade.com\/"},{"@type":"ListItem","position":2,"name":"Sadjo TOUNKARA : Un jeune inspirant \u00e0 la t\u00eate du TEDxBambeto (Interview)"}]},{"@type":"Person","@id":"https:\/\/afalade.com\/#\/schema\/person\/759fc73c5eff6f9c95afcb0ceac1f8df","name":"mouna","url":"https:\/\/afalade.com\/?author=5"}]}},"jetpack_featured_media_url":"https:\/\/i0.wp.com\/afalade.com\/wp-content\/uploads\/2022\/03\/274814152_1913812162153899_9174164338889531749_n.jpg?fit=960%2C951&ssl=1","featured_image_urls":{"full":["https:\/\/i0.wp.com\/afalade.com\/wp-content\/uploads\/2022\/03\/274814152_1913812162153899_9174164338889531749_n.jpg?fit=960%2C951&ssl=1",960,951,false],"thumbnail":["https:\/\/i0.wp.com\/afalade.com\/wp-content\/uploads\/2022\/03\/274814152_1913812162153899_9174164338889531749_n.jpg?resize=150%2C150&ssl=1",150,150,true],"medium":["https:\/\/i0.wp.com\/afalade.com\/wp-content\/uploads\/2022\/03\/274814152_1913812162153899_9174164338889531749_n.jpg?fit=300%2C297&ssl=1",300,297,true],"medium_large":["https:\/\/i0.wp.com\/afalade.com\/wp-content\/uploads\/2022\/03\/274814152_1913812162153899_9174164338889531749_n.jpg?fit=640%2C634&ssl=1",640,634,true],"large":["https:\/\/i0.wp.com\/afalade.com\/wp-content\/uploads\/2022\/03\/274814152_1913812162153899_9174164338889531749_n.jpg?fit=640%2C634&ssl=1",640,634,true],"1536x1536":["https:\/\/i0.wp.com\/afalade.com\/wp-content\/uploads\/2022\/03\/274814152_1913812162153899_9174164338889531749_n.jpg?fit=960%2C951&ssl=1",960,951,true],"2048x2048":["https:\/\/i0.wp.com\/afalade.com\/wp-content\/uploads\/2022\/03\/274814152_1913812162153899_9174164338889531749_n.jpg?fit=960%2C951&ssl=1",960,951,true],"magazine-7-slider-full":["https:\/\/i0.wp.com\/afalade.com\/wp-content\/uploads\/2022\/03\/274814152_1913812162153899_9174164338889531749_n.jpg?resize=960%2C951&ssl=1",960,951,true],"magazine-7-slider-center":["https:\/\/i0.wp.com\/afalade.com\/wp-content\/uploads\/2022\/03\/274814152_1913812162153899_9174164338889531749_n.jpg?resize=936%2C897&ssl=1",936,897,true],"magazine-7-featured":["https:\/\/i0.wp.com\/afalade.com\/wp-content\/uploads\/2022\/03\/274814152_1913812162153899_9174164338889531749_n.jpg?fit=960%2C951&ssl=1",960,951,true],"magazine-7-medium":["https:\/\/i0.wp.com\/afalade.com\/wp-content\/uploads\/2022\/03\/274814152_1913812162153899_9174164338889531749_n.jpg?resize=720%2C380&ssl=1",720,380,true],"magazine-7-medium-square":["https:\/\/i0.wp.com\/afalade.com\/wp-content\/uploads\/2022\/03\/274814152_1913812162153899_9174164338889531749_n.jpg?resize=675%2C450&ssl=1",675,450,true]},"author_info":{"display_name":"mouna","author_link":"https:\/\/afalade.com\/?author=5"},"category_info":"<a href=\"https:\/\/afalade.com\/?cat=2\" rel=\"category\">Actualit\u00e9s<\/a> <a href=\"https:\/\/afalade.com\/?cat=14\" rel=\"category\">INTERVIEWS &amp; PORTRAITS<\/a>","tag_info":"INTERVIEWS &amp; PORTRAITS","comment_count":"0","jetpack-related-posts":[{"id":1439,"url":"https:\/\/afalade.com\/?p=1439","url_meta":{"origin":1857,"position":0},"title":"Dario Missougna : L\u2019agriculture c\u2019est toute sa vie (Interview)","date":"20 novembre 2021","format":false,"excerpt":"Dario MISSOUGNA est notre invit\u00e9. Il nous vient du Cameroun. Cet ing\u00e9nieur en formation agronomique est technico-commercial au sein de la soci\u00e9t\u00e9 SUNSTREAM irrigation, importateur turc de mat\u00e9riels d'irrigation en Afrique (C\u00f4te d'Ivoire-Mali-Cameroun). D\u00e9couvrons ensemble son parcours et ses ambitions dans l\u2019interview ci-dessous. AFALADE\u00a0: Bonsoir Dario, pr\u00e9sentez-vous. Dario\u00a0: Je suis\u2026","rel":"","context":"Dans &quot;Actualit\u00e9s&quot;","img":{"alt_text":"","src":"https:\/\/i2.wp.com\/afalade.com\/wp-content\/uploads\/2021\/11\/temp_image_20210821_140707_a7453c77-d15f-47a4-a12a-d17aec820918.jpg?fit=898%2C1024&ssl=1&resize=350%2C200","width":350,"height":200},"classes":[]},{"id":2304,"url":"https:\/\/afalade.com\/?p=2304","url_meta":{"origin":1857,"position":1},"title":"Po\u00e9sie : Thierno Amadou Oury BALDE remporte le prix Syli du jeune \u00e9crivain guin\u00e9en 2022 avec les \u00a0\u00bbFardeaux du silence\u00a0\u00bb (Interview exclusive).","date":"16 septembre 2022","format":false,"excerpt":"Juriste de formation, Thierno Amadou Oury BALDE est journaliste professionnel, \u00e9crivain-po\u00e8te et professeur de philosophie. Auteur du recueil de po\u00e8mes intitul\u00e9 \u2018\u2018LA RESILIENCE\u2019\u2019, il vient de d\u00e9crocher le prix Syli du jeune \u00e9crivain guin\u00e9en 2022, cat\u00e9gorie po\u00e9sie avec son tapuscrit \u00ab\u00a0Fardeaux du silence\u00a0\u00bb. \u00a0Actuellement, il est r\u00e9dacteur en chef d\u2019Affiches\u2026","rel":"","context":"Dans &quot;Actualit\u00e9s&quot;","img":{"alt_text":"","src":"https:\/\/i2.wp.com\/afalade.com\/wp-content\/uploads\/2022\/09\/IMG-20220916-WA0038-1.jpg?fit=785%2C868&ssl=1&resize=350%2C200","width":350,"height":200},"classes":[]},{"id":1963,"url":"https:\/\/afalade.com\/?p=1963","url_meta":{"origin":1857,"position":2},"title":"DJANII ALFA au BATACLAN POUR UN CONCERT","date":"25 avril 2022","format":false,"excerpt":"Cr\u00e9a-Concerts en accord avec G4Life Music, pr\u00e9sente :\u00a0 DJANII ALFA, rappeur d\u2019origine guin\u00e9enne est un artiste qui propose une musique multiculturelle, entre les racines am\u00e9ricaines du style musical, sa conscience africaine, et ses influences europ\u00e9ennes. Un cocktail\u00a0d\u00e9tonnant qui s\u00e9duit des professionnels et un grand public dans de nombreux pays. En\u2026","rel":"","context":"Dans &quot;Actualit\u00e9s&quot;","img":{"alt_text":"","src":"https:\/\/i1.wp.com\/afalade.com\/wp-content\/uploads\/2022\/04\/DIANII-ALFA-890x800_1.jpg?fit=890%2C800&ssl=1&resize=350%2C200","width":350,"height":200},"classes":[]},{"id":1648,"url":"https:\/\/afalade.com\/?p=1648","url_meta":{"origin":1857,"position":3},"title":"Boubac\u2019Art, un com\u00e9dien aux cinq troph\u00e9es","date":"19 janvier 2022","format":false,"excerpt":"Artiste, com\u00e9dien et dramaturge, BAH Boubacar est le g\u00e9rant de la maison de production \"Manga Prod\" et directeur de la compagnie de th\u00e9\u00e2tre \"Les Messagers du Temps\". En 2002, une opportunit\u00e9 se pr\u00e9sente \u00e0 Boubacar. \u00a0Pour l'\u00e9radication de la violence en milieu scolaire, il est choisi par le club culturel\u2026","rel":"","context":"Dans &quot;Actualit\u00e9s&quot;","img":{"alt_text":"","src":"https:\/\/i1.wp.com\/afalade.com\/wp-content\/uploads\/2022\/01\/received_750497199261798.jpeg?fit=1080%2C720&ssl=1&resize=350%2C200","width":350,"height":200},"classes":[]},{"id":1545,"url":"https:\/\/afalade.com\/?p=1545","url_meta":{"origin":1857,"position":4},"title":"Iya Traor\u00e9, un talent au physique athl\u00e9tique qui allie football et freestyle","date":"20 d\u00e9cembre 2021","format":false,"excerpt":"Iya est guin\u00e9en. Il provient d\u2019une famille africaine modeste. Jeune, alors qu\u2019il \u00e9tudie, il assiste son p\u00e8re marchand d'art africain dans son travail. Il va finir par voyager pour la France.\u00a0 Attir\u00e9 par le football au d\u00e9but, Iya va accorder plus de temps \u00e0 son\u00a0Football Soccer Art, une discipline du\u2026","rel":"","context":"Dans &quot;Actualit\u00e9s&quot;","img":{"alt_text":"","src":"https:\/\/i2.wp.com\/afalade.com\/wp-content\/uploads\/2021\/12\/IMG-20211128-WA0007.jpg?fit=1200%2C800&ssl=1&resize=350%2C200","width":350,"height":200},"classes":[]},{"id":1978,"url":"https:\/\/afalade.com\/?p=1978","url_meta":{"origin":1857,"position":5},"title":"Coupe interscolaire de slam : La joie est immense, Lab\u00e9 ram\u00e8ne la coupe \u00e0 la maison","date":"29 avril 2022","format":false,"excerpt":"Les jeunes de Lab\u00e9 se distinguent de plus en plus sur la sc\u00e8ne nationale. G\u00e9n\u00e9ralement quand il s\u2019agit de salam, ils sont les meilleurs ou sont parmi les meilleurs. A Lab\u00e9, il est difficile de parler de slam sans mentionner le nom du Philanthrope. En effet, depuis quelques ann\u00e9es dans\u2026","rel":"","context":"Dans &quot;Actualit\u00e9s&quot;","img":{"alt_text":"","src":"https:\/\/i0.wp.com\/afalade.com\/wp-content\/uploads\/2022\/04\/279196659_322180109869414_1115827830370715093_n.jpg?fit=960%2C720&ssl=1&resize=350%2C200","width":350,"height":200},"classes":[]}],"_links":{"self":[{"href":"https:\/\/afalade.com\/index.php?rest_route=\/wp\/v2\/posts\/1857"}],"collection":[{"href":"https:\/\/afalade.com\/index.php?rest_route=\/wp\/v2\/posts"}],"about":[{"href":"https:\/\/afalade.com\/index.php?rest_route=\/wp\/v2\/types\/post"}],"author":[{"embeddable":true,"href":"https:\/\/afalade.com\/index.php?rest_route=\/wp\/v2\/users\/5"}],"replies":[{"embeddable":true,"href":"https:\/\/afalade.com\/index.php?rest_route=%2Fwp%2Fv2%2Fcomments&post=1857"}],"version-history":[{"count":1,"href":"https:\/\/afalade.com\/index.php?rest_route=\/wp\/v2\/posts\/1857\/revisions"}],"predecessor-version":[{"id":1859,"href":"https:\/\/afalade.com\/index.php?rest_route=\/wp\/v2\/posts\/1857\/revisions\/1859"}],"wp:featuredmedia":[{"embeddable":true,"href":"https:\/\/afalade.com\/index.php?rest_route=\/wp\/v2\/media\/1858"}],"wp:attachment":[{"href":"https:\/\/afalade.com\/index.php?rest_route=%2Fwp%2Fv2%2Fmedia&parent=1857"}],"wp:term":[{"taxonomy":"category","embeddable":true,"href":"https:\/\/afalade.com\/index.php?rest_route=%2Fwp%2Fv2%2Fcategories&post=1857"},{"taxonomy":"post_tag","embeddable":true,"href":"https:\/\/afalade.com\/index.php?rest_route=%2Fwp%2Fv2%2Ftags&post=1857"}],"curies":[{"name":"wp","href":"https:\/\/api.w.org\/{rel}","templated":true}]}}