{"id":1412,"date":"2021-11-18T00:50:38","date_gmt":"2021-11-17T23:50:38","guid":{"rendered":"http:\/\/afalade.com\/?p=1412"},"modified":"2021-11-29T14:57:59","modified_gmt":"2021-11-29T13:57:59","slug":"vulgarisation-de-la-geomatique-au-senegal-un-homme-y-travaille-labaly-toure-entretien","status":"publish","type":"post","link":"https:\/\/afalade.com\/?p=1412","title":{"rendered":"Vulgarisation de la g\u00e9omatique au S\u00e9n\u00e9gal, un homme y travaille\/ Labaly TOURE (entretien)"},"content":{"rendered":"\n<p><strong>Il est s\u00e9n\u00e9galais et enseignant \u00e0 l\u2019universit\u00e9 du Sine Saloum Elhadj Ibrahima Niass. Beaucoup l\u2019ont connu il y\u2019a quelques mois sur une photo publi\u00e9e sur les r\u00e9seaux sociaux. Photo sur laquelle il tenait le b\u00e9b\u00e9 de l\u2019une de ses \u00e9tudiantes afin que cette derni\u00e8re puisse librement suivre les cours qu\u2019il dispense.&nbsp;<\/strong><\/p>\n\n\n\n<figure class=\"wp-block-image size-full\"><img loading=\"lazy\" width=\"640\" height=\"360\" src=\"https:\/\/i1.wp.com\/afalade.com\/wp-content\/uploads\/2021\/11\/568dfaf91c5133892a9bfaf58b3541ca.jpg?resize=640%2C360\" alt=\"\" class=\"wp-image-1414\" srcset=\"https:\/\/i1.wp.com\/afalade.com\/wp-content\/uploads\/2021\/11\/568dfaf91c5133892a9bfaf58b3541ca.jpg?w=960&amp;ssl=1 960w, https:\/\/i1.wp.com\/afalade.com\/wp-content\/uploads\/2021\/11\/568dfaf91c5133892a9bfaf58b3541ca.jpg?resize=300%2C169&amp;ssl=1 300w, https:\/\/i1.wp.com\/afalade.com\/wp-content\/uploads\/2021\/11\/568dfaf91c5133892a9bfaf58b3541ca.jpg?resize=768%2C432&amp;ssl=1 768w\" sizes=\"(max-width: 640px) 100vw, 640px\" data-recalc-dims=\"1\" \/><figcaption>Labaly Toure<\/figcaption><\/figure>\n\n\n\n<p>Labaly TOURE est G\u00e9ographe-Geomaticien. Enseignant Chercheur et Directeur de GEOMATICA. Il est le Vice-Pr\u00e9sident du R\u00e9seau des Professionnels Africains de la G\u00e9omatique (RPAG) et Pr\u00e9sident de la commission Formation de l\u2019association s\u00e9n\u00e9galaise des Professionnels de la G\u00e9omatique(ASPG). D\u00e9couvrons ensemble son univers professionnel avec cette s\u00e9rie de question.<\/p>\n\n\n\n<p><strong>AFALADE<\/strong>:<strong>&nbsp;Que regroupe cette notion de donn\u00e9es g\u00e9ospatiales, ou de g\u00e9omatique&nbsp;?<\/strong><\/p>\n\n\n\n<p>La g\u00e9omatique est d\u00e9finie comme un ensemble de disciplines qui traitent de l\u2019information spatiale ou g\u00e9ographique. C\u2019est l\u2019information g\u00e9olocalis\u00e9e \u00e0 travers les coordonn\u00e9es g\u00e9ographiques. Elles ont l\u2019avantage d\u2019\u00eatre pr\u00e9cises car chaque point sur la terre a ses propres coordonn\u00e9es. La g\u00e9omatique renferme plusieurs disciplines telles que les Syst\u00e8mes d\u2019information g\u00e9ographique (SIG), la t\u00e9l\u00e9d\u00e9tection (traitement des images satellitaires), la photogramm\u00e9trie (photographie a\u00e9rienne, drone), la topographie, la cartographie, le webSIG. Elles permettent la collecte, le traitement et la diffusion des donn\u00e9es \u00e0 caract\u00e8re spatiale.<\/p>\n\n\n\n<p><strong> <strong>AFALADE<\/strong>:&nbsp;Quels sont leurs apports dans la gouvernance des collectivit\u00e9s territoriales ?<\/strong><\/p>\n\n\n\n<p>Chaque collectivit\u00e9 territoriale a une aire g\u00e9ographique, un territoire bien d\u00e9fini et g\u00e9ographiquement bien d\u00e9limit\u00e9. Dans cet espace, on retrouve des ressources naturelles, les hommes qui les exploitent pour leur vie ou survie mais aussi des relations de pouvoir. Au S\u00e9n\u00e9gal, la plupart des collectivit\u00e9s ne disposent pas de la cartographie fine de leur territoire et pourtant toutes les d\u00e9cisions auront des r\u00e9percussions spatiales. C\u2019est en ce sens que la g\u00e9omatique constitue un atout extr\u00eamement important pour l\u2019aide \u00e0 la d\u00e9cision.&nbsp;<\/p>\n\n\n\n<p>Sur le domaine du foncier, il s\u2019agit surtout de la r\u00e9alisation des outils fonciers tels que le Syst\u00e8me d\u2019information foncier qui permet une num\u00e9risation des affectations fonci\u00e8res et la r\u00e9alisation d\u2019une base de donn\u00e9es num\u00e9rique d\u00e9taill\u00e9e des propri\u00e9t\u00e9s fonci\u00e8res et propri\u00e9taires. La faible utilisation des outils de la g\u00e9omatique peut expliquer la plupart des probl\u00e8mes que nous rencontrons dans la gestion fonci\u00e8re rurale et urbaine. Les doubles affectations, les affectations th\u00e9oriques sont autant de situations qui, gr\u00e2ce \u00e0 une meilleure utilisation des syst\u00e8mes d\u2019information g\u00e9ographique (SIG), pourraient \u00eatre r\u00e9solues. Chaque parcelle a une propri\u00e9t\u00e9 et une ou des propri\u00e9taires. <\/p>\n\n\n\n<p>La mise en place d\u2019une base de donn\u00e9es fonci\u00e8res dans laquelle toutes les affectations seront transcrites permettra de pouvoir g\u00e9olocaliser les affectations. Ce qui favorisera une meilleure clarification fonci\u00e8re car la coordonn\u00e9e g\u00e9ographique a l\u2019avantage d\u2019\u00eatre unique.&nbsp;On ne peut pas continuer \u00e0 g\u00e9rer les communes sans outil de gestion spatiale. La g\u00e9omatique est avant tout un outil d\u2019aide \u00e0 la d\u00e9cision. Chaque collectivit\u00e9 territoriale du S\u00e9n\u00e9gal doit disposer d\u2019un cadastre \u00e0 jour et fiable. Ceci n\u2019est point un luxe mais une n\u00e9cessit\u00e9. On ne peut g\u00e9rer un espace sans outil de gestion fiable, pr\u00e9cise. La g\u00e9omatisation des communes doit \u00eatre une priorit\u00e9 car elle contribuera \u00e0 une meilleure gouvernance des ressources et des espaces.<\/p>\n\n\n\n<p><strong> <strong>AFALADE<\/strong>:<strong>&nbsp;<\/strong> Travaillez-vous avec les collectivit\u00e9s territoriales sur le volet de la sensibilisation, de la formation ou du renforcement de capacit\u00e9s&nbsp;?<\/strong><\/p>\n\n\n\n<p>Nous menons un grand travail de sensibilisation des d\u00e9cideurs \u00e0 la g\u00e9omatique au niveau national et international. Nous estimons que, pour que les d\u00e9cideurs puissent utiliser la g\u00e9omatique, il faudrait d\u2019abord les sensibiliser sur tout ce qu\u2019elle peut leur apporter dans la gestion des territoires. C\u2019est un processus qui parfois prend du temps. C\u2019est normal.<\/p>\n\n\n\n<p>&nbsp;Aujourd\u2019hui, de nombreux maires nous interpellent pour qu\u2019on leur d\u00e9veloppe des outils de gestion spatiales, des bases de donn\u00e9es fonci\u00e8res, des plans d\u2019occupation et d\u2019affectation des sols, la cartographie des communes, le marketing territorial.<\/p>\n\n\n\n<p>Nous organisons aussi r\u00e9guli\u00e8rement des formations pour les cadres des communes sur les SIG. La demande est forte, le besoin est l\u00e0 mais souvent les collectivit\u00e9s locales ne disposent pas de ressources financi\u00e8res suffisantes. Nous sommes conscients de cela et nous nous adaptons \u00e0 leur r\u00e9alit\u00e9. L\u2019innovation et le num\u00e9rique sont des leviers importants pour le d\u00e9veloppement des collectivit\u00e9s territoriales et cela passe obligatoirement par les outils de la g\u00e9omatique qui couvrent toutes les th\u00e9matiques.<\/p>\n\n\n\n<p>Pour une meilleure p\u00e9rennisation et durable des outils, il faut renforcer le personnel des mairies. Nous avons r\u00e9alis\u00e9 tout r\u00e9cemment la cartographie par drone de plusieurs communes. Aussi, sur le volet formation, nous contribuons au renforcement des collectivit\u00e9s territoriales dans le domaine de la g\u00e9omatique, du diagnostic territorial, du g\u00e9omarketing, de la cartographie. Chaque collectivit\u00e9 territoriale doit disposer d\u2019un bureau G\u00e9omatique \u00e9quip\u00e9 et op\u00e9rationnel. C\u2019est mon souhait le plus ardent car je suis conscient de tout ce que la G\u00e9omatique peut apporter au d\u00e9veloppement des territoires et donner plus d\u2019innovation a l\u2019ACTE 3 de la d\u00e9centralisation.<\/p>\n\n\n\n<p> <strong>AFALADE<\/strong>:<strong>&nbsp;<\/strong> Merci M.Tour\u00e9<\/p>\n\n\n\n<p><strong>-Merci \u00e0 vous Maimouna.<\/strong><\/p>\n\n\n\n<p><strong>La R\u00e9daction<\/strong><\/p>\n","protected":false},"excerpt":{"rendered":"<p>Il est s\u00e9n\u00e9galais et enseignant \u00e0 l\u2019universit\u00e9 du Sine Saloum Elhadj Ibrahima Niass. Beaucoup l\u2019ont<\/p>\n","protected":false},"author":5,"featured_media":1413,"comment_status":"closed","ping_status":"closed","sticky":false,"template":"","format":"standard","meta":{"_monsterinsights_skip_tracking":false,"_monsterinsights_sitenote_active":false,"_monsterinsights_sitenote_note":"","_monsterinsights_sitenote_category":0,"spay_email":""},"categories":[2,14],"tags":[1008,1009,797],"yoast_head":"<!-- This site is optimized with the Yoast SEO plugin v17.6 - https:\/\/yoast.com\/wordpress\/plugins\/seo\/ -->\n<title>Vulgarisation de la g\u00e9omatique au S\u00e9n\u00e9gal, un homme y travaille\/ Labaly TOURE (entretien) - AFALADE<\/title>\n<meta name=\"robots\" content=\"index, follow, max-snippet:-1, max-image-preview:large, max-video-preview:-1\" \/>\n<link rel=\"canonical\" href=\"https:\/\/afalade.com\/?p=1412\" \/>\n<meta property=\"og:locale\" content=\"fr_FR\" \/>\n<meta property=\"og:type\" content=\"article\" \/>\n<meta property=\"og:title\" content=\"Vulgarisation de la g\u00e9omatique au S\u00e9n\u00e9gal, un homme y travaille\/ Labaly TOURE (entretien) - AFALADE\" \/>\n<meta property=\"og:description\" content=\"Il est s\u00e9n\u00e9galais et enseignant \u00e0 l\u2019universit\u00e9 du Sine Saloum Elhadj Ibrahima Niass. Beaucoup l\u2019ont\" \/>\n<meta property=\"og:url\" content=\"https:\/\/afalade.com\/?p=1412\" \/>\n<meta property=\"og:site_name\" content=\"AFALADE\" \/>\n<meta property=\"article:published_time\" content=\"2021-11-17T23:50:38+00:00\" \/>\n<meta property=\"article:modified_time\" content=\"2021-11-29T13:57:59+00:00\" \/>\n<meta property=\"og:image\" content=\"https:\/\/i2.wp.com\/afalade.com\/wp-content\/uploads\/2021\/11\/labaly.jpg?fit=479%2C720&#038;ssl=1\" \/>\n\t<meta property=\"og:image:width\" content=\"479\" \/>\n\t<meta property=\"og:image:height\" content=\"720\" \/>\n<meta name=\"twitter:card\" content=\"summary_large_image\" \/>\n<meta name=\"twitter:label1\" content=\"\u00c9crit par\" \/>\n\t<meta name=\"twitter:data1\" content=\"mouna\" \/>\n\t<meta name=\"twitter:label2\" content=\"Dur\u00e9e de lecture estim\u00e9e\" \/>\n\t<meta name=\"twitter:data2\" content=\"4 minutes\" \/>\n<script type=\"application\/ld+json\" class=\"yoast-schema-graph\">{\"@context\":\"https:\/\/schema.org\",\"@graph\":[{\"@type\":\"WebSite\",\"@id\":\"https:\/\/afalade.com\/#website\",\"url\":\"https:\/\/afalade.com\/\",\"name\":\"AFALADE\",\"description\":\"ACTUALIT\\u00c9S MUSIQUE SPORT MODE LIFE &amp; STYLE\",\"potentialAction\":[{\"@type\":\"SearchAction\",\"target\":{\"@type\":\"EntryPoint\",\"urlTemplate\":\"https:\/\/afalade.com\/?s={search_term_string}\"},\"query-input\":\"required name=search_term_string\"}],\"inLanguage\":\"fr-FR\"},{\"@type\":\"ImageObject\",\"@id\":\"https:\/\/afalade.com\/?p=1412#primaryimage\",\"inLanguage\":\"fr-FR\",\"url\":\"https:\/\/i2.wp.com\/afalade.com\/wp-content\/uploads\/2021\/11\/labaly.jpg?fit=479%2C720&ssl=1\",\"contentUrl\":\"https:\/\/i2.wp.com\/afalade.com\/wp-content\/uploads\/2021\/11\/labaly.jpg?fit=479%2C720&ssl=1\",\"width\":479,\"height\":720},{\"@type\":\"WebPage\",\"@id\":\"https:\/\/afalade.com\/?p=1412#webpage\",\"url\":\"https:\/\/afalade.com\/?p=1412\",\"name\":\"Vulgarisation de la g\\u00e9omatique au S\\u00e9n\\u00e9gal, un homme y travaille\/ Labaly TOURE (entretien) - AFALADE\",\"isPartOf\":{\"@id\":\"https:\/\/afalade.com\/#website\"},\"primaryImageOfPage\":{\"@id\":\"https:\/\/afalade.com\/?p=1412#primaryimage\"},\"datePublished\":\"2021-11-17T23:50:38+00:00\",\"dateModified\":\"2021-11-29T13:57:59+00:00\",\"author\":{\"@id\":\"https:\/\/afalade.com\/#\/schema\/person\/759fc73c5eff6f9c95afcb0ceac1f8df\"},\"breadcrumb\":{\"@id\":\"https:\/\/afalade.com\/?p=1412#breadcrumb\"},\"inLanguage\":\"fr-FR\",\"potentialAction\":[{\"@type\":\"ReadAction\",\"target\":[\"https:\/\/afalade.com\/?p=1412\"]}]},{\"@type\":\"BreadcrumbList\",\"@id\":\"https:\/\/afalade.com\/?p=1412#breadcrumb\",\"itemListElement\":[{\"@type\":\"ListItem\",\"position\":1,\"name\":\"Accueil\",\"item\":\"https:\/\/afalade.com\/\"},{\"@type\":\"ListItem\",\"position\":2,\"name\":\"Vulgarisation de la g\\u00e9omatique au S\\u00e9n\\u00e9gal, un homme y travaille\/ Labaly TOURE (entretien)\"}]},{\"@type\":\"Person\",\"@id\":\"https:\/\/afalade.com\/#\/schema\/person\/759fc73c5eff6f9c95afcb0ceac1f8df\",\"name\":\"mouna\",\"url\":\"https:\/\/afalade.com\/?author=5\"}]}<\/script>\n<!-- \/ Yoast SEO plugin. -->","yoast_head_json":{"title":"Vulgarisation de la g\u00e9omatique au S\u00e9n\u00e9gal, un homme y travaille\/ Labaly TOURE (entretien) - AFALADE","robots":{"index":"index","follow":"follow","max-snippet":"max-snippet:-1","max-image-preview":"max-image-preview:large","max-video-preview":"max-video-preview:-1"},"canonical":"https:\/\/afalade.com\/?p=1412","og_locale":"fr_FR","og_type":"article","og_title":"Vulgarisation de la g\u00e9omatique au S\u00e9n\u00e9gal, un homme y travaille\/ Labaly TOURE (entretien) - AFALADE","og_description":"Il est s\u00e9n\u00e9galais et enseignant \u00e0 l\u2019universit\u00e9 du Sine Saloum Elhadj Ibrahima Niass. Beaucoup l\u2019ont","og_url":"https:\/\/afalade.com\/?p=1412","og_site_name":"AFALADE","article_published_time":"2021-11-17T23:50:38+00:00","article_modified_time":"2021-11-29T13:57:59+00:00","og_image":[{"width":479,"height":720,"url":"https:\/\/i2.wp.com\/afalade.com\/wp-content\/uploads\/2021\/11\/labaly.jpg?fit=479%2C720&ssl=1","type":"image\/jpeg"}],"twitter_card":"summary_large_image","twitter_misc":{"\u00c9crit par":"mouna","Dur\u00e9e de lecture estim\u00e9e":"4 minutes"},"schema":{"@context":"https:\/\/schema.org","@graph":[{"@type":"WebSite","@id":"https:\/\/afalade.com\/#website","url":"https:\/\/afalade.com\/","name":"AFALADE","description":"ACTUALIT\u00c9S MUSIQUE SPORT MODE LIFE &amp; STYLE","potentialAction":[{"@type":"SearchAction","target":{"@type":"EntryPoint","urlTemplate":"https:\/\/afalade.com\/?s={search_term_string}"},"query-input":"required name=search_term_string"}],"inLanguage":"fr-FR"},{"@type":"ImageObject","@id":"https:\/\/afalade.com\/?p=1412#primaryimage","inLanguage":"fr-FR","url":"https:\/\/i2.wp.com\/afalade.com\/wp-content\/uploads\/2021\/11\/labaly.jpg?fit=479%2C720&ssl=1","contentUrl":"https:\/\/i2.wp.com\/afalade.com\/wp-content\/uploads\/2021\/11\/labaly.jpg?fit=479%2C720&ssl=1","width":479,"height":720},{"@type":"WebPage","@id":"https:\/\/afalade.com\/?p=1412#webpage","url":"https:\/\/afalade.com\/?p=1412","name":"Vulgarisation de la g\u00e9omatique au S\u00e9n\u00e9gal, un homme y travaille\/ Labaly TOURE (entretien) - AFALADE","isPartOf":{"@id":"https:\/\/afalade.com\/#website"},"primaryImageOfPage":{"@id":"https:\/\/afalade.com\/?p=1412#primaryimage"},"datePublished":"2021-11-17T23:50:38+00:00","dateModified":"2021-11-29T13:57:59+00:00","author":{"@id":"https:\/\/afalade.com\/#\/schema\/person\/759fc73c5eff6f9c95afcb0ceac1f8df"},"breadcrumb":{"@id":"https:\/\/afalade.com\/?p=1412#breadcrumb"},"inLanguage":"fr-FR","potentialAction":[{"@type":"ReadAction","target":["https:\/\/afalade.com\/?p=1412"]}]},{"@type":"BreadcrumbList","@id":"https:\/\/afalade.com\/?p=1412#breadcrumb","itemListElement":[{"@type":"ListItem","position":1,"name":"Accueil","item":"https:\/\/afalade.com\/"},{"@type":"ListItem","position":2,"name":"Vulgarisation de la g\u00e9omatique au S\u00e9n\u00e9gal, un homme y travaille\/ Labaly TOURE (entretien)"}]},{"@type":"Person","@id":"https:\/\/afalade.com\/#\/schema\/person\/759fc73c5eff6f9c95afcb0ceac1f8df","name":"mouna","url":"https:\/\/afalade.com\/?author=5"}]}},"jetpack_featured_media_url":"https:\/\/i2.wp.com\/afalade.com\/wp-content\/uploads\/2021\/11\/labaly.jpg?fit=479%2C720&ssl=1","featured_image_urls":{"full":["https:\/\/i2.wp.com\/afalade.com\/wp-content\/uploads\/2021\/11\/labaly.jpg?fit=479%2C720&ssl=1",479,720,false],"thumbnail":["https:\/\/i2.wp.com\/afalade.com\/wp-content\/uploads\/2021\/11\/labaly.jpg?resize=150%2C150&ssl=1",150,150,true],"medium":["https:\/\/i2.wp.com\/afalade.com\/wp-content\/uploads\/2021\/11\/labaly.jpg?fit=200%2C300&ssl=1",200,300,true],"medium_large":["https:\/\/i2.wp.com\/afalade.com\/wp-content\/uploads\/2021\/11\/labaly.jpg?fit=479%2C720&ssl=1",479,720,true],"large":["https:\/\/i2.wp.com\/afalade.com\/wp-content\/uploads\/2021\/11\/labaly.jpg?fit=479%2C720&ssl=1",479,720,true],"1536x1536":["https:\/\/i2.wp.com\/afalade.com\/wp-content\/uploads\/2021\/11\/labaly.jpg?fit=479%2C720&ssl=1",479,720,true],"2048x2048":["https:\/\/i2.wp.com\/afalade.com\/wp-content\/uploads\/2021\/11\/labaly.jpg?fit=479%2C720&ssl=1",479,720,true],"magazine-7-slider-full":["https:\/\/i2.wp.com\/afalade.com\/wp-content\/uploads\/2021\/11\/labaly.jpg?resize=479%2C720&ssl=1",479,720,true],"magazine-7-slider-center":["https:\/\/i2.wp.com\/afalade.com\/wp-content\/uploads\/2021\/11\/labaly.jpg?resize=479%2C720&ssl=1",479,720,true],"magazine-7-featured":["https:\/\/i2.wp.com\/afalade.com\/wp-content\/uploads\/2021\/11\/labaly.jpg?fit=479%2C720&ssl=1",479,720,true],"magazine-7-medium":["https:\/\/i2.wp.com\/afalade.com\/wp-content\/uploads\/2021\/11\/labaly.jpg?resize=479%2C380&ssl=1",479,380,true],"magazine-7-medium-square":["https:\/\/i2.wp.com\/afalade.com\/wp-content\/uploads\/2021\/11\/labaly.jpg?resize=479%2C450&ssl=1",479,450,true]},"author_info":{"display_name":"mouna","author_link":"https:\/\/afalade.com\/?author=5"},"category_info":"<a href=\"https:\/\/afalade.com\/?cat=2\" rel=\"category\">Actualit\u00e9s<\/a> <a href=\"https:\/\/afalade.com\/?cat=14\" rel=\"category\">INTERVIEWS &amp; PORTRAITS<\/a>","tag_info":"INTERVIEWS &amp; PORTRAITS","comment_count":"0","jetpack-related-posts":[{"id":1533,"url":"https:\/\/afalade.com\/?p=1533","url_meta":{"origin":1412,"position":0},"title":"Mamadou Yaya BALD\u00c9 : Un homme qui construit sa carri\u00e8re, un citoyen mod\u00e8le (interview exclusive)","date":"14 d\u00e9cembre 2021","format":false,"excerpt":"\u00c2g\u00e9 de 31ans, Mamadou Yaya BALD\u00c9 est journaliste politique et essayiste. Ce guin\u00e9en vit dans la capitale s\u00e9n\u00e9galaise Dakar depuis 2012. Dipl\u00f4m\u00e9 de la 43\u00e8me promotion du\u00a0Centre d\u2019\u00c9tudes, des Sciences et Techniques de l'Information (CESTI), il est titulaire d'une licence en journalisme (option t\u00e9l\u00e9vision) et d'un Master 2 en \"M\u00e9dias\u2026","rel":"","context":"Dans &quot;Actualit\u00e9s&quot;","img":{"alt_text":"","src":"https:\/\/i1.wp.com\/afalade.com\/wp-content\/uploads\/2021\/12\/received_172604088404413.jpeg?fit=800%2C1200&ssl=1&resize=350%2C200","width":350,"height":200},"classes":[]},{"id":1398,"url":"https:\/\/afalade.com\/?p=1398","url_meta":{"origin":1412,"position":1},"title":"Le Guin\u00e9en Mamadou Yaya Bald\u00e9 \u00e9lu \u00ab Citoyen mod\u00e8le africain \u00bb \u00e0 Dakar","date":"16 novembre 2021","format":false,"excerpt":"Mamadou Yaya BALDE, 31 ans, est un citoyen guin\u00e9en vivant au S\u00e9n\u00e9gal depuis pr\u00e8s de 10 ans. Il vient de remporter le prestigieux \u00ab\u00a0Prix Citoyen Mod\u00e8le Africain 2021\u00a0\u00bb dans la cat\u00e9gorie \u00ab\u00a0Jeune Leader Africain\u00a0\u00bb, d\u00e9cern\u00e9 par l\u2019organisation\u00a0\u2018\u2019Le Club Model\u00a0\u00bb, \u00e0 travers son Jury ind\u00e9pendant \u00ab\u00a0G\u00e9nies d\u2019Afrique\u00a0\u00bb. Ce prix honore ainsi\u2026","rel":"","context":"Dans &quot;Actualit\u00e9s&quot;","img":{"alt_text":"","src":"https:\/\/i1.wp.com\/afalade.com\/wp-content\/uploads\/2021\/11\/IMG-20211116-WA0002.jpg?fit=1200%2C800&ssl=1&resize=350%2C200","width":350,"height":200},"classes":[]},{"id":1591,"url":"https:\/\/afalade.com\/?p=1591","url_meta":{"origin":1412,"position":2},"title":"J\u00e9lani : Un dessinateur portraitiste qui a le sens du d\u00e9tail","date":"3 janvier 2022","format":false,"excerpt":"Abdoul Gadiri Djeylani GUEYE alias J\u00e9lani, est un artiste, dessinateur et portraitiste s\u00e9n\u00e9galais. C\u2019est \u00e0 l'adolescence qu\u2019il d\u00e9couvre sa passion pour les arts visuels. Il se confie \u00e0 notre r\u00e9daction. \u2018\u2019Je dessinais presque tout ce que je voyais avec des diff\u00e9rents outils notamment la peinture, le pastel, le crayon graphite.\u2026","rel":"","context":"Dans &quot;Actualit\u00e9s&quot;","img":{"alt_text":"","src":"https:\/\/i0.wp.com\/afalade.com\/wp-content\/uploads\/2022\/01\/FullSizeRender.jpeg?fit=621%2C1104&ssl=1&resize=350%2C200","width":350,"height":200},"classes":[]},{"id":2235,"url":"https:\/\/afalade.com\/?p=2235","url_meta":{"origin":1412,"position":3},"title":"\u00c9liminatoires CHAN 2023 : Le Syli local a d\u00e9sormais sa liste de joueurs","date":"19 ao\u00fbt 2022","format":false,"excerpt":"Dans le cadre des \u00e9liminatoires du CHAN 2023, la R\u00e9publique de Guin\u00e9e va affronter le S\u00e9n\u00e9gal d\u2019abord pour le match aller le 27 Ao\u00fbt. Le Match retour aura lieu le 2 septembre 2022 et va se jouer dans la capitale malienne Bamako. Confirm\u00e9 il y a quelques semaines \u00e0 la\u2026","rel":"","context":"Dans &quot;Actualit\u00e9s&quot;","img":{"alt_text":"","src":"https:\/\/i1.wp.com\/afalade.com\/wp-content\/uploads\/2022\/08\/160994319_2919472551654223_5836063944006020522_n.jpg?fit=720%2C413&ssl=1&resize=350%2C200","width":350,"height":200},"classes":[]},{"id":1695,"url":"https:\/\/afalade.com\/?p=1695","url_meta":{"origin":1412,"position":4},"title":"Keyla K feat Didier Awadi, le clip c\u2019est pour bient\u00f4t","date":"10 f\u00e9vrier 2022","format":false,"excerpt":"N\u00e9e \u00e0 Conakry, Kadiatou Ciss\u00e9 commun\u00e9ment appel\u00e9e Keyla K passe son enfance en C\u00f4te d\u2019Ivoire avant de rentrer en Guin\u00e9e pour poursuivre ses \u00e9tudes. Habitu\u00e9e des podiums, elle a d\u00e9j\u00e0 particip\u00e9 aux concerts (Black M, MHD, Aya Nakamura...) en Guin\u00e9e de grandes figures de la musique africaine et internationale. Apr\u00e8s\u2026","rel":"","context":"Dans &quot;Actualit\u00e9s&quot;","img":{"alt_text":"","src":"https:\/\/i2.wp.com\/afalade.com\/wp-content\/uploads\/2022\/02\/259466277_447680103582495_8308333561658084506_n.jpg?fit=640%2C960&ssl=1&resize=350%2C200","width":350,"height":200},"classes":[]},{"id":2065,"url":"https:\/\/afalade.com\/?p=2065","url_meta":{"origin":1412,"position":5},"title":"Slam : Le s\u00e9jour s\u00e9n\u00e9galais de DimediSlam se prolonge","date":"1 juin 2022","format":false,"excerpt":"Invit\u00e9 \u00e0 participer \u00e0 la 5\u00e8me \u00e9dition de la grande nuit du Slam, le duo guin\u00e9en est pr\u00e9sent au pays de la teranga depuis le 25 mai 2022. Justement, la grande nuit du Slam s\u2019est tenue du 25 au 29 mai 2022 \u00e0 Dakar. Durant cinq jours, l\u2019\u00e9v\u00e8nement a r\u00e9uni\u2026","rel":"","context":"Dans &quot;Actualit\u00e9s&quot;","img":{"alt_text":"","src":"https:\/\/i0.wp.com\/afalade.com\/wp-content\/uploads\/2022\/06\/284706401_415870763878373_6831367128084176639_n.jpg?fit=1161%2C1200&ssl=1&resize=350%2C200","width":350,"height":200},"classes":[]}],"_links":{"self":[{"href":"https:\/\/afalade.com\/index.php?rest_route=\/wp\/v2\/posts\/1412"}],"collection":[{"href":"https:\/\/afalade.com\/index.php?rest_route=\/wp\/v2\/posts"}],"about":[{"href":"https:\/\/afalade.com\/index.php?rest_route=\/wp\/v2\/types\/post"}],"author":[{"embeddable":true,"href":"https:\/\/afalade.com\/index.php?rest_route=\/wp\/v2\/users\/5"}],"replies":[{"embeddable":true,"href":"https:\/\/afalade.com\/index.php?rest_route=%2Fwp%2Fv2%2Fcomments&post=1412"}],"version-history":[{"count":3,"href":"https:\/\/afalade.com\/index.php?rest_route=\/wp\/v2\/posts\/1412\/revisions"}],"predecessor-version":[{"id":1493,"href":"https:\/\/afalade.com\/index.php?rest_route=\/wp\/v2\/posts\/1412\/revisions\/1493"}],"wp:featuredmedia":[{"embeddable":true,"href":"https:\/\/afalade.com\/index.php?rest_route=\/wp\/v2\/media\/1413"}],"wp:attachment":[{"href":"https:\/\/afalade.com\/index.php?rest_route=%2Fwp%2Fv2%2Fmedia&parent=1412"}],"wp:term":[{"taxonomy":"category","embeddable":true,"href":"https:\/\/afalade.com\/index.php?rest_route=%2Fwp%2Fv2%2Fcategories&post=1412"},{"taxonomy":"post_tag","embeddable":true,"href":"https:\/\/afalade.com\/index.php?rest_route=%2Fwp%2Fv2%2Ftags&post=1412"}],"curies":[{"name":"wp","href":"https:\/\/api.w.org\/{rel}","templated":true}]}}